{"id":2783,"date":"2011-02-28T15:58:52","date_gmt":"2011-02-28T14:58:52","guid":{"rendered":"http:\/\/vildavastra.se\/mommasblogg\/?p=2783"},"modified":"2011-02-28T15:58:52","modified_gmt":"2011-02-28T14:58:52","slug":"varfaglar","status":"publish","type":"post","link":"https:\/\/mommas.junselebyar.se\/wp\/?p=2783","title":{"rendered":"V\u00e5rf\u00e5glar"},"content":{"rendered":"<p>Uppt\u00e4ckte idag tv\u00e5 sorters v\u00e5rf\u00e5glar vid f\u00e5gelbordet. Tofsmes och H\u00e4mplingen. Blir s\u00e5 glad, v\u00e5ren \u00e4r nog p\u00e5 v\u00e4g i allafall. En annan sak jag blev glad, lycklig \u00f6ver \u00e4r den senkomna f\u00f6delsedagspresent jag fick av sonen idag. Den 14 maj ska jag f\u00e5 lyssna till en direkts\u00e4nd opera\u00a0\u00a0 fr\u00e5n USA p\u00e5 Hullsta g\u00e5rd. Wagners Valkyrian. N\u00e5gonting att se fram emot.\u00a0 N\u00e5gonting jag annars ser fram emot \u00e4r\u00a0 v\u00e5rm\u00f6tet i \u00d6rebro den 19:e mars. Nu rullar det p\u00e5, jag ser redan ljuset i &#8221;min&#8221; gl\u00e4nta redan kl. sex. p\u00e5 morronen.Fast egentligen \u00e4r det Ebbes Gl\u00e4nta, men det \u00e4r jag som ser den fr\u00e5n mitt f\u00f6nster&#8230;<\/p>\n<p>Dagens citat: Det \u00e4r sv\u00e5rt att k\u00e4nna gl\u00e4dje \u00f6ver utsidan om man inte arbetar med insidan.<\/p>\n<p>+ 4 gr&#8230;\u00a0\u00a0\u00a0\u00a0\u00a0\u00a0\u00a0\u00a0\u00a0\u00a0\u00a0\u00a0\u00a0\u00a0\u00a0\u00a0\u00a0\u00a0\u00a0\u00a0\u00a0\u00a0\u00a0\u00a0\u00a0\u00a0\u00a0\u00a0\u00a0\u00a0\u00a0\u00a0\u00a0\u00a0\u00a0\u00a0\u00a0\u00a0\u00a0\u00a0\u00a0\u00a0 vi h\u00f6rs&#8230;<\/p>\n","protected":false},"excerpt":{"rendered":"<p>Uppt\u00e4ckte idag tv\u00e5 sorters v\u00e5rf\u00e5glar vid f\u00e5gelbordet. Tofsmes och H\u00e4mplingen. Blir s\u00e5 glad, v\u00e5ren \u00e4r nog p\u00e5 v\u00e4g i allafall. En annan sak jag blev glad, lycklig \u00f6ver \u00e4r den senkomna f\u00f6delsedagspresent jag fick av sonen idag. Den 14 maj ska jag f\u00e5 lyssna till en direkts\u00e4nd opera\u00a0\u00a0 fr\u00e5n USA p\u00e5 Hullsta g\u00e5rd. Wagners Valkyrian. &hellip; <a href=\"https:\/\/mommas.junselebyar.se\/wp\/?p=2783\" class=\"more-link\">Forts\u00e4tt l\u00e4sa <span class=\"screen-reader-text\">V\u00e5rf\u00e5glar<\/span> <span class=\"meta-nav\">&rarr;<\/span><\/a><\/p>\n","protected":false},"author":3,"featured_media":0,"comment_status":"open","ping_status":"closed","sticky":false,"template":"","format":"standard","meta":{"footnotes":""},"categories":[4],"tags":[],"class_list":["post-2783","post","type-post","status-publish","format-standard","hentry","category-fran-holafors"],"_links":{"self":[{"href":"https:\/\/mommas.junselebyar.se\/wp\/index.php?rest_route=\/wp\/v2\/posts\/2783","targetHints":{"allow":["GET"]}}],"collection":[{"href":"https:\/\/mommas.junselebyar.se\/wp\/index.php?rest_route=\/wp\/v2\/posts"}],"about":[{"href":"https:\/\/mommas.junselebyar.se\/wp\/index.php?rest_route=\/wp\/v2\/types\/post"}],"author":[{"embeddable":true,"href":"https:\/\/mommas.junselebyar.se\/wp\/index.php?rest_route=\/wp\/v2\/users\/3"}],"replies":[{"embeddable":true,"href":"https:\/\/mommas.junselebyar.se\/wp\/index.php?rest_route=%2Fwp%2Fv2%2Fcomments&post=2783"}],"version-history":[{"count":0,"href":"https:\/\/mommas.junselebyar.se\/wp\/index.php?rest_route=\/wp\/v2\/posts\/2783\/revisions"}],"wp:attachment":[{"href":"https:\/\/mommas.junselebyar.se\/wp\/index.php?rest_route=%2Fwp%2Fv2%2Fmedia&parent=2783"}],"wp:term":[{"taxonomy":"category","embeddable":true,"href":"https:\/\/mommas.junselebyar.se\/wp\/index.php?rest_route=%2Fwp%2Fv2%2Fcategories&post=2783"},{"taxonomy":"post_tag","embeddable":true,"href":"https:\/\/mommas.junselebyar.se\/wp\/index.php?rest_route=%2Fwp%2Fv2%2Ftags&post=2783"}],"curies":[{"name":"wp","href":"https:\/\/api.w.org\/{rel}","templated":true}]}}