{"id":2806,"date":"2011-03-05T05:02:29","date_gmt":"2011-03-05T04:02:29","guid":{"rendered":"http:\/\/vildavastra.se\/mommasblogg\/?p=2806"},"modified":"2011-03-05T05:02:29","modified_gmt":"2011-03-05T04:02:29","slug":"inna-pinna","status":"publish","type":"post","link":"https:\/\/mommas.junselebyar.se\/wp\/?p=2806","title":{"rendered":"Inna -Pinna"},"content":{"rendered":"<p><a href=\"http:\/\/vildavastra.se\/mommasblogg\/wp-content\/uploads\/2011\/03\/IMG-Linda.jpg\"><img loading=\"lazy\" decoding=\"async\" class=\"alignleft size-medium wp-image-2810\" title=\"IMG Linda\" src=\"http:\/\/vildavastra.se\/mommasblogg\/wp-content\/uploads\/2011\/03\/IMG-Linda-420x296.jpg\" alt=\"IMG Linda\" width=\"420\" height=\"296\" \/><\/a>V\u00e5rt \u00e4ldsta barnbarn Linda blir37 \u00e5r idag. T\u00e4nk vad \u00e5ren g\u00e5r, det \u00e4r p\u00e5 barn och barnbarn man ser hur man \u00e5ldras. Som ni f\u00f6rst\u00e5r s\u00e5 har Kjell varit framme d\u00e4r ocks\u00e5, av Linda -Marie blev det Inna- Pinna.Vi var s\u00e5 unga n\u00e4r Linda f\u00f6ddes, vi\u00a0blev morf\u00f6r\u00e4ldrar vid 37 och 40 \u00e5r. T\u00e4nk p\u00e5 det Linda,om du skulle bli farmor idag? \u00a0Du blev som v\u00e5rt eget barn, trivdes hos oss ,Jessica, Madde och h\u00e4starna och alla de andra djuren. Nu bor du s\u00e5 l\u00e5ngt bort s\u00e5 vi kan inte komma och gratta dig idag. Men v\u00e5ra tankar finns hos dig i dag. Vad Kjell och jag ska g\u00f6ra idag, ska jag ber\u00e4tta\u00a0om i morgon. Det tar aldrig slut&#8230;.<\/p>\n<p>Dagens citat : Idag \u00e4r en bra dag att v\u00e4lja att vara glad hela dagen.<\/p>\n<p>&#8211; 1 gr&#8230;\u00a0\u00a0\u00a0\u00a0\u00a0\u00a0\u00a0\u00a0\u00a0\u00a0\u00a0\u00a0\u00a0\u00a0\u00a0\u00a0\u00a0\u00a0\u00a0\u00a0\u00a0\u00a0 vi h\u00f6rs&#8230;<\/p>\n","protected":false},"excerpt":{"rendered":"<p>V\u00e5rt \u00e4ldsta barnbarn Linda blir37 \u00e5r idag. T\u00e4nk vad \u00e5ren g\u00e5r, det \u00e4r p\u00e5 barn och barnbarn man ser hur man \u00e5ldras. Som ni f\u00f6rst\u00e5r s\u00e5 har Kjell varit framme d\u00e4r ocks\u00e5, av Linda -Marie blev det Inna- Pinna.Vi var s\u00e5 unga n\u00e4r Linda f\u00f6ddes, vi\u00a0blev morf\u00f6r\u00e4ldrar vid 37 och 40 \u00e5r. T\u00e4nk p\u00e5 det &hellip; <a href=\"https:\/\/mommas.junselebyar.se\/wp\/?p=2806\" class=\"more-link\">Forts\u00e4tt l\u00e4sa <span class=\"screen-reader-text\">Inna -Pinna<\/span> <span class=\"meta-nav\">&rarr;<\/span><\/a><\/p>\n","protected":false},"author":3,"featured_media":0,"comment_status":"open","ping_status":"closed","sticky":false,"template":"","format":"standard","meta":{"footnotes":""},"categories":[4],"tags":[],"class_list":["post-2806","post","type-post","status-publish","format-standard","hentry","category-fran-holafors"],"_links":{"self":[{"href":"https:\/\/mommas.junselebyar.se\/wp\/index.php?rest_route=\/wp\/v2\/posts\/2806","targetHints":{"allow":["GET"]}}],"collection":[{"href":"https:\/\/mommas.junselebyar.se\/wp\/index.php?rest_route=\/wp\/v2\/posts"}],"about":[{"href":"https:\/\/mommas.junselebyar.se\/wp\/index.php?rest_route=\/wp\/v2\/types\/post"}],"author":[{"embeddable":true,"href":"https:\/\/mommas.junselebyar.se\/wp\/index.php?rest_route=\/wp\/v2\/users\/3"}],"replies":[{"embeddable":true,"href":"https:\/\/mommas.junselebyar.se\/wp\/index.php?rest_route=%2Fwp%2Fv2%2Fcomments&post=2806"}],"version-history":[{"count":0,"href":"https:\/\/mommas.junselebyar.se\/wp\/index.php?rest_route=\/wp\/v2\/posts\/2806\/revisions"}],"wp:attachment":[{"href":"https:\/\/mommas.junselebyar.se\/wp\/index.php?rest_route=%2Fwp%2Fv2%2Fmedia&parent=2806"}],"wp:term":[{"taxonomy":"category","embeddable":true,"href":"https:\/\/mommas.junselebyar.se\/wp\/index.php?rest_route=%2Fwp%2Fv2%2Fcategories&post=2806"},{"taxonomy":"post_tag","embeddable":true,"href":"https:\/\/mommas.junselebyar.se\/wp\/index.php?rest_route=%2Fwp%2Fv2%2Ftags&post=2806"}],"curies":[{"name":"wp","href":"https:\/\/api.w.org\/{rel}","templated":true}]}}