{"id":2895,"date":"2011-03-25T10:38:05","date_gmt":"2011-03-25T09:38:05","guid":{"rendered":"http:\/\/vildavastra.se\/mommasblogg\/?p=2895"},"modified":"2011-03-25T10:38:05","modified_gmt":"2011-03-25T09:38:05","slug":"lurad","status":"publish","type":"post","link":"https:\/\/mommas.junselebyar.se\/wp\/?p=2895","title":{"rendered":"Lurad."},"content":{"rendered":"<p>Vart tog v\u00e5ren v\u00e4gen?\u00a0 Det \u00e4r nog inte bara jag som k\u00e4nner mig lurad. Det k\u00e4ndes ju s\u00e5 bra f\u00f6r n\u00e5gra dar sedan. Vi beh\u00f6ver v\u00e4rmen nu. Den h\u00e4r bl\u00e5sten och kylan g\u00e5r det inte att kl\u00e4 sig f\u00f6r, den g\u00e5r genom m\u00e4rg och ben. Och olusten sen,vill bara dra en filt \u00f6ver mig, stanna d\u00e4r tills v\u00e5ren kommer. Inte har jag n\u00e5got badkar att krypa ner i heller. Det har vi bytt ut mot en dusch. Dr\u00f6mmer mig tillbaka till tiden med badkar, f\u00e5 krypa ner i ett hett skumbad, t\u00e4nda ett ljus p\u00e5 badkarskanten, k\u00e4nna hur alla muskler i kroppen slappnar av.\u00a0 Lyssna till sk\u00f6n musik i \u00f6ronen fr\u00e5n bandspelaren. Ibland h\u00e4nde det att Kjell bj\u00f6d p\u00e5 n\u00e5t extra gott som till exp, h\u00e5ll i er, en\u00a0Kaffekask. D\u00e5 vaknade livsandarna. Men nu har jag\u00a0inget badkar, ingen kask, vad g\u00f6r man d\u00e5.? Kopplar p\u00e5 min el- filt kurar ihop mig i favoritf\u00e5t\u00f6lj med en kopp te l\u00e4ser en bra bok&#8230; V\u00e4ntar p\u00e5 v\u00e5ren.<\/p>\n<p>Dagens citat : Best\u00e4m dig f\u00f6r hur du vill leva ditt liv. Du har bara ett.<\/p>\n<p>&#8211; 3,4 gr&#8230;\u00a0\u00a0\u00a0\u00a0\u00a0\u00a0\u00a0\u00a0\u00a0\u00a0\u00a0\u00a0\u00a0\u00a0\u00a0\u00a0\u00a0\u00a0\u00a0\u00a0 vi h\u00f6rs&#8230;<\/p>\n","protected":false},"excerpt":{"rendered":"<p>Vart tog v\u00e5ren v\u00e4gen?\u00a0 Det \u00e4r nog inte bara jag som k\u00e4nner mig lurad. Det k\u00e4ndes ju s\u00e5 bra f\u00f6r n\u00e5gra dar sedan. Vi beh\u00f6ver v\u00e4rmen nu. Den h\u00e4r bl\u00e5sten och kylan g\u00e5r det inte att kl\u00e4 sig f\u00f6r, den g\u00e5r genom m\u00e4rg och ben. Och olusten sen,vill bara dra en filt \u00f6ver mig, stanna &hellip; <a href=\"https:\/\/mommas.junselebyar.se\/wp\/?p=2895\" class=\"more-link\">Forts\u00e4tt l\u00e4sa <span class=\"screen-reader-text\">Lurad.<\/span> <span class=\"meta-nav\">&rarr;<\/span><\/a><\/p>\n","protected":false},"author":3,"featured_media":0,"comment_status":"open","ping_status":"closed","sticky":false,"template":"","format":"standard","meta":{"footnotes":""},"categories":[4],"tags":[],"class_list":["post-2895","post","type-post","status-publish","format-standard","hentry","category-fran-holafors"],"_links":{"self":[{"href":"https:\/\/mommas.junselebyar.se\/wp\/index.php?rest_route=\/wp\/v2\/posts\/2895","targetHints":{"allow":["GET"]}}],"collection":[{"href":"https:\/\/mommas.junselebyar.se\/wp\/index.php?rest_route=\/wp\/v2\/posts"}],"about":[{"href":"https:\/\/mommas.junselebyar.se\/wp\/index.php?rest_route=\/wp\/v2\/types\/post"}],"author":[{"embeddable":true,"href":"https:\/\/mommas.junselebyar.se\/wp\/index.php?rest_route=\/wp\/v2\/users\/3"}],"replies":[{"embeddable":true,"href":"https:\/\/mommas.junselebyar.se\/wp\/index.php?rest_route=%2Fwp%2Fv2%2Fcomments&post=2895"}],"version-history":[{"count":0,"href":"https:\/\/mommas.junselebyar.se\/wp\/index.php?rest_route=\/wp\/v2\/posts\/2895\/revisions"}],"wp:attachment":[{"href":"https:\/\/mommas.junselebyar.se\/wp\/index.php?rest_route=%2Fwp%2Fv2%2Fmedia&parent=2895"}],"wp:term":[{"taxonomy":"category","embeddable":true,"href":"https:\/\/mommas.junselebyar.se\/wp\/index.php?rest_route=%2Fwp%2Fv2%2Fcategories&post=2895"},{"taxonomy":"post_tag","embeddable":true,"href":"https:\/\/mommas.junselebyar.se\/wp\/index.php?rest_route=%2Fwp%2Fv2%2Ftags&post=2895"}],"curies":[{"name":"wp","href":"https:\/\/api.w.org\/{rel}","templated":true}]}}