{"id":2900,"date":"2011-03-27T16:14:25","date_gmt":"2011-03-27T14:14:25","guid":{"rendered":"http:\/\/vildavastra.se\/mommasblogg\/?p=2900"},"modified":"2011-03-27T16:14:25","modified_gmt":"2011-03-27T14:14:25","slug":"sommartid-2","status":"publish","type":"post","link":"https:\/\/mommas.junselebyar.se\/wp\/?p=2900","title":{"rendered":"Sommartid"},"content":{"rendered":"<p>\u00c4ntligen \u00e4r sommartiden h\u00e4r.Det jag kallar\u00a0den naturliga tiden, tidigt is\u00e4ng p\u00e5 kv\u00e4llen upp med solen p\u00e5 morronen. Fast mycket sol \u00e4r det inte \u00e4n, men ljuset. Om jag bara kunde trolla fram v\u00e4rmen som tog bort sn\u00f6n ocks\u00e5 skulle allt vara bra.Ju \u00e4ldre man blir desto mer l\u00e4ngtar l\u00e4ngtar man efter sommaren.Sommaren som ska g\u00f6ra underverk med v\u00e4rkande stelnande kroppar. Sommaren som var s\u00e5 l\u00e5ng n\u00e4r man var barn,blir kortare och kortare f\u00f6r varje \u00e5r. Jag hoppas p\u00e5 en fin &#8221;barfotasommar&#8221; Men f\u00f6rst ska v\u00e5ren komma med takdropp, v\u00e5rf\u00e5glars lockrop, \u00a0grillplatsen tina fram och d\u00e4r f\u00e5 njuta av den f\u00f6rsta sotbr\u00e4nda grillkorven, med en stark kopp kaffe kokt \u00f6ver den \u00f6ppna elden.\u00a0 Allt hemmavid ett senkast fr\u00e5n stugknuten&#8230;<\/p>\n<p>TV\u00c5 V\u00c5RDIKTER. \u00a0FR\u00c5N \u00c5R1998.<\/p>\n<p>UTFLYKT.<\/p>\n<p>Med fika i &#8221;ryggan&#8221; p\u00e5 uppt\u00e4cktsf\u00e4rd<\/p>\n<p>tv\u00e5 glada gossar i sin egen v\u00e4rld.<\/p>\n<p>Med mormor i sl\u00e4pt\u00e5g, Skynda dig<\/p>\n<p>skynda dig. Vet du vad vi s\u00e5g?<\/p>\n<p>Myrorna har vaknat, Mormor- nu\u00e4r det v\u00e5r.<\/p>\n<p>&#8230;&#8230;&#8230;&#8230;&#8230;&#8230;&#8230;&#8230;&#8230;&#8230;&#8230;&#8230;&#8230;&#8230;&#8230;&#8230;&#8230;&#8230;&#8230;&#8230;&#8230;..<\/p>\n<p>SOLEN<\/p>\n<p>Titta Farmor, gungorna \u00e4r framme<\/p>\n<p>Sex sm\u00e5 ben skyndar \u00f6ver skarsn\u00f6n<\/p>\n<p>Det \u00e4r solen farmor, det \u00e4r solen<\/p>\n<p>som trollat fram gungorna.<\/p>\n<p>\u00a0<\/p>\n<p>V\u00e5rsolen som lyser och v\u00e4rmer<\/p>\n<p>ger oss nytt liv, ger oss hopp<\/p>\n<p>Lyser \u00f6ver tre sm\u00e5 lyckliga<\/p>\n<p>gungande,sjungande flickor.<\/p>\n<p>\u00a0<\/p>\n<p>Farmor ge oss fart<\/p>\n<p>vi vill h\u00f6gt<\/p>\n<p>vi vill opp.<\/p>\n<p>&#8230;&#8230;&#8230;&#8230;&#8230;&#8230;&#8230;&#8230;&#8230;&#8230;&#8230;&#8230;&#8230;&#8230;&#8230;&#8230;..<\/p>\n<p>-2gr&#8230;\u00a0\u00a0\u00a0\u00a0\u00a0\u00a0\u00a0\u00a0\u00a0\u00a0\u00a0\u00a0\u00a0\u00a0\u00a0\u00a0\u00a0\u00a0\u00a0\u00a0\u00a0\u00a0\u00a0\u00a0\u00a0\u00a0\u00a0\u00a0\u00a0\u00a0 vi h\u00f6rs&#8230;<\/p>\n","protected":false},"excerpt":{"rendered":"<p>\u00c4ntligen \u00e4r sommartiden h\u00e4r.Det jag kallar\u00a0den naturliga tiden, tidigt is\u00e4ng p\u00e5 kv\u00e4llen upp med solen p\u00e5 morronen. Fast mycket sol \u00e4r det inte \u00e4n, men ljuset. Om jag bara kunde trolla fram v\u00e4rmen som tog bort sn\u00f6n ocks\u00e5 skulle allt vara bra.Ju \u00e4ldre man blir desto mer l\u00e4ngtar l\u00e4ngtar man efter sommaren.Sommaren som ska g\u00f6ra &hellip; <a href=\"https:\/\/mommas.junselebyar.se\/wp\/?p=2900\" class=\"more-link\">Forts\u00e4tt l\u00e4sa <span class=\"screen-reader-text\">Sommartid<\/span> <span class=\"meta-nav\">&rarr;<\/span><\/a><\/p>\n","protected":false},"author":3,"featured_media":0,"comment_status":"open","ping_status":"closed","sticky":false,"template":"","format":"standard","meta":{"footnotes":""},"categories":[4],"tags":[],"class_list":["post-2900","post","type-post","status-publish","format-standard","hentry","category-fran-holafors"],"_links":{"self":[{"href":"https:\/\/mommas.junselebyar.se\/wp\/index.php?rest_route=\/wp\/v2\/posts\/2900","targetHints":{"allow":["GET"]}}],"collection":[{"href":"https:\/\/mommas.junselebyar.se\/wp\/index.php?rest_route=\/wp\/v2\/posts"}],"about":[{"href":"https:\/\/mommas.junselebyar.se\/wp\/index.php?rest_route=\/wp\/v2\/types\/post"}],"author":[{"embeddable":true,"href":"https:\/\/mommas.junselebyar.se\/wp\/index.php?rest_route=\/wp\/v2\/users\/3"}],"replies":[{"embeddable":true,"href":"https:\/\/mommas.junselebyar.se\/wp\/index.php?rest_route=%2Fwp%2Fv2%2Fcomments&post=2900"}],"version-history":[{"count":0,"href":"https:\/\/mommas.junselebyar.se\/wp\/index.php?rest_route=\/wp\/v2\/posts\/2900\/revisions"}],"wp:attachment":[{"href":"https:\/\/mommas.junselebyar.se\/wp\/index.php?rest_route=%2Fwp%2Fv2%2Fmedia&parent=2900"}],"wp:term":[{"taxonomy":"category","embeddable":true,"href":"https:\/\/mommas.junselebyar.se\/wp\/index.php?rest_route=%2Fwp%2Fv2%2Fcategories&post=2900"},{"taxonomy":"post_tag","embeddable":true,"href":"https:\/\/mommas.junselebyar.se\/wp\/index.php?rest_route=%2Fwp%2Fv2%2Ftags&post=2900"}],"curies":[{"name":"wp","href":"https:\/\/api.w.org\/{rel}","templated":true}]}}