{"id":2993,"date":"2011-04-21T10:49:20","date_gmt":"2011-04-21T08:49:20","guid":{"rendered":"http:\/\/vildavastra.se\/mommasblogg\/?p=2993"},"modified":"2011-04-21T10:49:20","modified_gmt":"2011-04-21T08:49:20","slug":"glad-pask-2","status":"publish","type":"post","link":"https:\/\/mommas.junselebyar.se\/wp\/?p=2993","title":{"rendered":"Glad p\u00e5sk!"},"content":{"rendered":"<figure id=\"attachment_2996\" aria-describedby=\"caption-attachment-2996\" style=\"width: 290px\" class=\"wp-caption alignleft\"><a href=\"http:\/\/vildavastra.se\/mommasblogg\/wp-content\/uploads\/2011\/04\/tupp.jpg\"><img loading=\"lazy\" decoding=\"async\" class=\"size-medium wp-image-2996\" title=\"tupp\" src=\"http:\/\/vildavastra.se\/mommasblogg\/wp-content\/uploads\/2011\/04\/tupp-290x420.jpg\" alt=\"GLAD P\u00c5SK !\" width=\"290\" height=\"420\" \/><\/a><figcaption id=\"caption-attachment-2996\" class=\"wp-caption-text\">GLAD P\u00c5SK !<\/figcaption><\/figure>\n<p>Inleder p\u00e5skhelgen med att \u00f6nska Er alla en glad och trevlig p\u00e5sk. P\u00e5sken \u00e4r f\u00f6r oss inte som f\u00f6rr n\u00e4r barnen var sm\u00e5 och for som p\u00e5skk\u00e4rringar runt hela byn, saknar det faktiskt. Tiderna f\u00f6r\u00e4ndras \u00e4ven vi.Var till Sollefte\u00e5 och h\u00e4mtade Kjells glas\u00f6gon ig\u00e5r. T\u00e4nk vad jag tyckte det var r\u00f6rigt &#8221; p\u00e5 stan &#8221;. Jag som trivts och \u00e4lskat att vara i tr\u00e4ngsel, med mycke m\u00e4nniskor och puls, ville bara \u00e5ka hem till lugnet i Holafors. Vi ska forts\u00e4tta v\u00e5rt krattande av g\u00e5rden, sitta och mysa i solen, njuta av f\u00e5gelkvitter,grilla och dricka\u00a0 drycker av blandade slag&#8230;<\/p>\n<p>Dagens citat :\u00a0\u00a0 Idag \u00e4r en bra dag att vara en glad skit hela dagen.<\/p>\n<p>+ 12 gr&#8230;\u00a0\u00a0\u00a0\u00a0\u00a0\u00a0\u00a0\u00a0\u00a0\u00a0\u00a0\u00a0\u00a0\u00a0\u00a0 vi h\u00f6rs &#8230;<\/p>\n","protected":false},"excerpt":{"rendered":"<p>Inleder p\u00e5skhelgen med att \u00f6nska Er alla en glad och trevlig p\u00e5sk. P\u00e5sken \u00e4r f\u00f6r oss inte som f\u00f6rr n\u00e4r barnen var sm\u00e5 och for som p\u00e5skk\u00e4rringar runt hela byn, saknar det faktiskt. Tiderna f\u00f6r\u00e4ndras \u00e4ven vi.Var till Sollefte\u00e5 och h\u00e4mtade Kjells glas\u00f6gon ig\u00e5r. T\u00e4nk vad jag tyckte det var r\u00f6rigt &#8221; p\u00e5 stan &#8221;. &hellip; <a href=\"https:\/\/mommas.junselebyar.se\/wp\/?p=2993\" class=\"more-link\">Forts\u00e4tt l\u00e4sa <span class=\"screen-reader-text\">Glad p\u00e5sk!<\/span> <span class=\"meta-nav\">&rarr;<\/span><\/a><\/p>\n","protected":false},"author":3,"featured_media":0,"comment_status":"open","ping_status":"closed","sticky":false,"template":"","format":"standard","meta":{"footnotes":""},"categories":[4],"tags":[],"class_list":["post-2993","post","type-post","status-publish","format-standard","hentry","category-fran-holafors"],"_links":{"self":[{"href":"https:\/\/mommas.junselebyar.se\/wp\/index.php?rest_route=\/wp\/v2\/posts\/2993","targetHints":{"allow":["GET"]}}],"collection":[{"href":"https:\/\/mommas.junselebyar.se\/wp\/index.php?rest_route=\/wp\/v2\/posts"}],"about":[{"href":"https:\/\/mommas.junselebyar.se\/wp\/index.php?rest_route=\/wp\/v2\/types\/post"}],"author":[{"embeddable":true,"href":"https:\/\/mommas.junselebyar.se\/wp\/index.php?rest_route=\/wp\/v2\/users\/3"}],"replies":[{"embeddable":true,"href":"https:\/\/mommas.junselebyar.se\/wp\/index.php?rest_route=%2Fwp%2Fv2%2Fcomments&post=2993"}],"version-history":[{"count":0,"href":"https:\/\/mommas.junselebyar.se\/wp\/index.php?rest_route=\/wp\/v2\/posts\/2993\/revisions"}],"wp:attachment":[{"href":"https:\/\/mommas.junselebyar.se\/wp\/index.php?rest_route=%2Fwp%2Fv2%2Fmedia&parent=2993"}],"wp:term":[{"taxonomy":"category","embeddable":true,"href":"https:\/\/mommas.junselebyar.se\/wp\/index.php?rest_route=%2Fwp%2Fv2%2Fcategories&post=2993"},{"taxonomy":"post_tag","embeddable":true,"href":"https:\/\/mommas.junselebyar.se\/wp\/index.php?rest_route=%2Fwp%2Fv2%2Ftags&post=2993"}],"curies":[{"name":"wp","href":"https:\/\/api.w.org\/{rel}","templated":true}]}}