{"id":3014,"date":"2011-04-25T05:30:15","date_gmt":"2011-04-25T03:30:15","guid":{"rendered":"http:\/\/vildavastra.se\/mommasblogg\/?p=3014"},"modified":"2011-04-25T05:30:15","modified_gmt":"2011-04-25T03:30:15","slug":"paskdagen-2","status":"publish","type":"post","link":"https:\/\/mommas.junselebyar.se\/wp\/?p=3014","title":{"rendered":"P\u00e5skdagen"},"content":{"rendered":"<figure id=\"attachment_3018\" aria-describedby=\"caption-attachment-3018\" style=\"width: 420px\" class=\"wp-caption alignleft\"><a href=\"http:\/\/vildavastra.se\/mommasblogg\/wp-content\/uploads\/2011\/04\/bil.jpg\"><img loading=\"lazy\" decoding=\"async\" class=\"size-medium wp-image-3018\" title=\"bil\" src=\"http:\/\/vildavastra.se\/mommasblogg\/wp-content\/uploads\/2011\/04\/bil-420x315.jpg\" alt=\"Bilen v\u00e5rst\u00e4das\" width=\"420\" height=\"315\" \/><\/a><figcaption id=\"caption-attachment-3018\" class=\"wp-caption-text\">Bilen v\u00e5rst\u00e4das<\/figcaption><\/figure>\n<p>P\u00e5skdagen blev en precis lika lugn och sk\u00f6n dag som p\u00e5skafton. Helgen som inte \u00e4r slut \u00e4nnu, har varit annorlunda.Kjell och jag har lite sm\u00e5tt f\u00e5tt k\u00e4nna p\u00e5 hur det kan vara att bli \u00e4ldre, inte l\u00e4ngre vara med som f\u00f6rut. Vi har inte lidit av det, har pysslat med v\u00e5rt p\u00e5 tomten inf\u00f6r sommaren. Kjell har tv\u00e4ttat bilen h\u00e4r hemma , damsugit och putsat den.. S\u00e5 nu \u00e4r den P\u00e5skfin. Han har ocks\u00e5 rensat tr\u00e4dg\u00e5rdsdammen, fyllt p\u00e5 vatten, medan jag harsuttit och solat g\u00e5tt runt och kollat blommor och buskar.Vintern har farit h\u00e5rt fram. Vi har grillat(innomhus) \u00e4tit gott.Hejat och vinkat till ridskolans flickor som i omg\u00e5ngar har ridit f\u00f6rbi. S\u00e5 har dagen f\u00f6rflutit,ringt n\u00e5gra samtal. SMSat minsta dottern som befinner sig p\u00e5 Kanarie\u00f6arna med famijen, 30 gr varmt och sol.\u00a0 Men t\u00e4nk vilken ynnest, att kunna f\u00e5 bo som vi, bara \u00f6ppna d\u00f6rren och g\u00e5 rakt ut i naturen, ut p\u00e5 sin egen tomt. Det har jag l\u00e4ngtat efter hela vintern&#8230;<\/p>\n<p>Dagens citat :Det \u00e4r vi sj\u00e4lva och ingen annan som \u00e4r ansvariga f\u00f6r konsekvenserna av v\u00e5ra val.<\/p>\n<p>+1gr&#8230;\u00a0\u00a0\u00a0\u00a0\u00a0\u00a0\u00a0\u00a0\u00a0\u00a0\u00a0\u00a0\u00a0\u00a0\u00a0\u00a0\u00a0 vi h\u00f6rs &#8230;<\/p>\n","protected":false},"excerpt":{"rendered":"<p>P\u00e5skdagen blev en precis lika lugn och sk\u00f6n dag som p\u00e5skafton. Helgen som inte \u00e4r slut \u00e4nnu, har varit annorlunda.Kjell och jag har lite sm\u00e5tt f\u00e5tt k\u00e4nna p\u00e5 hur det kan vara att bli \u00e4ldre, inte l\u00e4ngre vara med som f\u00f6rut. Vi har inte lidit av det, har pysslat med v\u00e5rt p\u00e5 tomten inf\u00f6r sommaren. &hellip; <a href=\"https:\/\/mommas.junselebyar.se\/wp\/?p=3014\" class=\"more-link\">Forts\u00e4tt l\u00e4sa <span class=\"screen-reader-text\">P\u00e5skdagen<\/span> <span class=\"meta-nav\">&rarr;<\/span><\/a><\/p>\n","protected":false},"author":3,"featured_media":0,"comment_status":"open","ping_status":"closed","sticky":false,"template":"","format":"standard","meta":{"footnotes":""},"categories":[4],"tags":[],"class_list":["post-3014","post","type-post","status-publish","format-standard","hentry","category-fran-holafors"],"_links":{"self":[{"href":"https:\/\/mommas.junselebyar.se\/wp\/index.php?rest_route=\/wp\/v2\/posts\/3014","targetHints":{"allow":["GET"]}}],"collection":[{"href":"https:\/\/mommas.junselebyar.se\/wp\/index.php?rest_route=\/wp\/v2\/posts"}],"about":[{"href":"https:\/\/mommas.junselebyar.se\/wp\/index.php?rest_route=\/wp\/v2\/types\/post"}],"author":[{"embeddable":true,"href":"https:\/\/mommas.junselebyar.se\/wp\/index.php?rest_route=\/wp\/v2\/users\/3"}],"replies":[{"embeddable":true,"href":"https:\/\/mommas.junselebyar.se\/wp\/index.php?rest_route=%2Fwp%2Fv2%2Fcomments&post=3014"}],"version-history":[{"count":0,"href":"https:\/\/mommas.junselebyar.se\/wp\/index.php?rest_route=\/wp\/v2\/posts\/3014\/revisions"}],"wp:attachment":[{"href":"https:\/\/mommas.junselebyar.se\/wp\/index.php?rest_route=%2Fwp%2Fv2%2Fmedia&parent=3014"}],"wp:term":[{"taxonomy":"category","embeddable":true,"href":"https:\/\/mommas.junselebyar.se\/wp\/index.php?rest_route=%2Fwp%2Fv2%2Fcategories&post=3014"},{"taxonomy":"post_tag","embeddable":true,"href":"https:\/\/mommas.junselebyar.se\/wp\/index.php?rest_route=%2Fwp%2Fv2%2Ftags&post=3014"}],"curies":[{"name":"wp","href":"https:\/\/api.w.org\/{rel}","templated":true}]}}