{"id":3070,"date":"2011-05-06T13:08:34","date_gmt":"2011-05-06T11:08:34","guid":{"rendered":"http:\/\/vildavastra.se\/mommasblogg\/?p=3070"},"modified":"2011-05-06T13:08:34","modified_gmt":"2011-05-06T11:08:34","slug":"flytten","status":"publish","type":"post","link":"https:\/\/mommas.junselebyar.se\/wp\/?p=3070","title":{"rendered":"Flytten"},"content":{"rendered":"<p>I morron b\u00f6rjar den &#8221;stora&#8221; flytten av sovrum fr\u00e5n \u00f6verv\u00e5ningen en trappa ner. Delar av v\u00e5ra barn med resptive, +barnbarn ska utf\u00f6ra arbetet. M\u00f6bler ska flyttas kors och tv\u00e4rs, en v\u00e4gg ska byggas i vardagsrummet, m\u00e5las och tapetseras. Som ett trollslag ska allt vara klart p\u00e5 s\u00f6ndag.Vi ska bara titta p\u00e5, serva med mat och dryck. En god lasange och en rej\u00e4l \u00e4lgstek gjord p\u00e5 &#8221;gammeldags vis&#8221; med gr\u00e4dds\u00e5s, mandelpotatis och kokta gr\u00f6nsaker, m\u00e5 v\u00e4l duga. Sedan \u00e4r det bara f\u00f6r oss att gl\u00e4djas \u00f6ver att slippa g\u00e5 i trappan vid l\u00e4ggdags. Men med lite smolk i b\u00e4garen \u00f6ver att \u00e5lderdomen kryper n\u00e4rmare.<\/p>\n<p>S\u00e5g i en enk\u00e4t, fr\u00e5gan om vilken som var Svergies vackraste dialekt. Svaret : Norrl\u00e4ndskan, s\u00e5 h\u00e5ll till godo, lyssna och njut&#8230;\u00a0\u00a0<\/p>\n<p><object style=\"width: 420px; height: 256px;\" classid=\"clsid:d27cdb6e-ae6d-11cf-96b8-444553540000\" width=\"100\" height=\"100\" codebase=\"http:\/\/download.macromedia.com\/pub\/shockwave\/cabs\/flash\/swflash.cab#version=6,0,40,0\"><param name=\"allowFullScreen\" value=\"true\" \/><param name=\"allowScriptAccess\" value=\"always\" \/><param name=\"src\" value=\"http:\/\/www.youtube.com\/v\/FVRM4_Jh5bA?version=3\" \/><param name=\"allowfullscreen\" value=\"true\" \/><embed style=\"width: 420px; height: 256px;\" type=\"application\/x-shockwave-flash\" width=\"100\" height=\"100\" src=\"http:\/\/www.youtube.com\/v\/FVRM4_Jh5bA?version=3\" allowscriptaccess=\"always\" allowfullscreen=\"true\"><\/embed><\/object><\/p>\n<p>Dagens citat; Att planera och prioritera hj\u00e4lper oss att anv\u00e4nda v\u00e5r tid till det vi vill.<\/p>\n<p>\u00b4- 1 gr&#8230; vi h\u00f6rs&#8230;<\/p>\n","protected":false},"excerpt":{"rendered":"<p>I morron b\u00f6rjar den &#8221;stora&#8221; flytten av sovrum fr\u00e5n \u00f6verv\u00e5ningen en trappa ner. Delar av v\u00e5ra barn med resptive, +barnbarn ska utf\u00f6ra arbetet. M\u00f6bler ska flyttas kors och tv\u00e4rs, en v\u00e4gg ska byggas i vardagsrummet, m\u00e5las och tapetseras. Som ett trollslag ska allt vara klart p\u00e5 s\u00f6ndag.Vi ska bara titta p\u00e5, serva med mat och &hellip; <a href=\"https:\/\/mommas.junselebyar.se\/wp\/?p=3070\" class=\"more-link\">Forts\u00e4tt l\u00e4sa <span class=\"screen-reader-text\">Flytten<\/span> <span class=\"meta-nav\">&rarr;<\/span><\/a><\/p>\n","protected":false},"author":3,"featured_media":0,"comment_status":"open","ping_status":"closed","sticky":false,"template":"","format":"standard","meta":{"footnotes":""},"categories":[4],"tags":[],"class_list":["post-3070","post","type-post","status-publish","format-standard","hentry","category-fran-holafors"],"_links":{"self":[{"href":"https:\/\/mommas.junselebyar.se\/wp\/index.php?rest_route=\/wp\/v2\/posts\/3070","targetHints":{"allow":["GET"]}}],"collection":[{"href":"https:\/\/mommas.junselebyar.se\/wp\/index.php?rest_route=\/wp\/v2\/posts"}],"about":[{"href":"https:\/\/mommas.junselebyar.se\/wp\/index.php?rest_route=\/wp\/v2\/types\/post"}],"author":[{"embeddable":true,"href":"https:\/\/mommas.junselebyar.se\/wp\/index.php?rest_route=\/wp\/v2\/users\/3"}],"replies":[{"embeddable":true,"href":"https:\/\/mommas.junselebyar.se\/wp\/index.php?rest_route=%2Fwp%2Fv2%2Fcomments&post=3070"}],"version-history":[{"count":0,"href":"https:\/\/mommas.junselebyar.se\/wp\/index.php?rest_route=\/wp\/v2\/posts\/3070\/revisions"}],"wp:attachment":[{"href":"https:\/\/mommas.junselebyar.se\/wp\/index.php?rest_route=%2Fwp%2Fv2%2Fmedia&parent=3070"}],"wp:term":[{"taxonomy":"category","embeddable":true,"href":"https:\/\/mommas.junselebyar.se\/wp\/index.php?rest_route=%2Fwp%2Fv2%2Fcategories&post=3070"},{"taxonomy":"post_tag","embeddable":true,"href":"https:\/\/mommas.junselebyar.se\/wp\/index.php?rest_route=%2Fwp%2Fv2%2Ftags&post=3070"}],"curies":[{"name":"wp","href":"https:\/\/api.w.org\/{rel}","templated":true}]}}