{"id":3108,"date":"2011-05-16T11:28:53","date_gmt":"2011-05-16T09:28:53","guid":{"rendered":"http:\/\/vildavastra.se\/mommasblogg\/?p=3108"},"modified":"2011-05-16T11:28:53","modified_gmt":"2011-05-16T09:28:53","slug":"vindkraft","status":"publish","type":"post","link":"https:\/\/mommas.junselebyar.se\/wp\/?p=3108","title":{"rendered":"Vindkraft"},"content":{"rendered":"<figure id=\"attachment_3115\" aria-describedby=\"caption-attachment-3115\" style=\"width: 420px\" class=\"wp-caption alignleft\"><a href=\"http:\/\/vildavastra.se\/mommasblogg\/wp-content\/uploads\/2011\/05\/IMGmete.jpg\"><img loading=\"lazy\" decoding=\"async\" class=\"size-medium wp-image-3115\" title=\"IMGmete\" src=\"http:\/\/vildavastra.se\/mommasblogg\/wp-content\/uploads\/2011\/05\/IMGmete-420x290.jpg\" alt=\"Abborrmete vid Fl\u00e4rken p\u00e5 1960 talet\" width=\"420\" height=\"290\" \/><\/a><figcaption id=\"caption-attachment-3115\" class=\"wp-caption-text\">Abborrmete vid Fl\u00e4rken p\u00e5 1960 talet<\/figcaption><\/figure>\n<p>L\u00e4ser i\u00a0 lokaltidningen T\u00c5 att det ska byggas\u00a0\u00a0vindkraft \u00f6ster om N\u00e4s\u00e5ker, p\u00e5 b.la. Fl\u00e4rkberget. Det m\u00e5ste vara berget vi talade om hemma i Bysj\u00f6. Tar fram kartan, visst\u00a0det \u00e4r r\u00e4tt berg. Ser sj\u00f6n(Bysj\u00f6n) med holmen, och vidare mot Sn\u00f6ppen och Fl\u00e4rken eller &#8221;Yst i forsa&#8221; som vi sa\u00a0d\u00e4r Bysj\u00f6\u00e5n\u00a0 sammanbinderBysj\u00f6n ochGryssj\u00f6n. St\u00e4llen d\u00e4r jag som barn f\u00f6ljt med f\u00f6r\u00e4ldrarna och\u00a0metat storabborre och brax.Har\u00a0sedan som vuxen \u00e5terkommit\u00a0dit \u00a0med min familj\u00a0. Fl\u00e4rkberget eller&#8221; Fl\u00e4ka\u00e5sn&#8221;, B\u00e5gah\u00e5lla, Bysj\u00f6boern, G\u00e5rlberge namn som st\u00e4ndigt \u00e5terkom i min far Johans jaktber\u00e4ttelser. Eller vid hjortrondags,n\u00e4r vi med hinkar begavs oss\u00a0med b\u00e5ten \u00f6ver sj\u00f6n, promenerade\u00a0upp p\u00e5 myrarna f\u00f6r att plocka &#8221;myrb\u00e4r&#8221;. Underbara tankar dyker upp i mitt minne. Och nu ska d\u00e4r s\u00e4ttas upp vindsnurror.Undrar vad min far och \u00f6vriga bortg\u00e5ngna bybor skulle sagt om detta. Det hade nog blivit en livlig diskussion f\u00f6r och emot. Utvecklingen g\u00e5r fram\u00e5t, \u00e4ven i min lilla hemby med omnejd.<\/p>\n<p>Dagens citat : F\u00f6r mig \u00e4r kreativitet gl\u00e4dje. Vad kan du g\u00f6ra f\u00f6r att utveckla kreativitet idag ?<\/p>\n<p>+ 5 gr&#8230; regn och bl\u00f6tt\u00a0\u00a0\u00a0\u00a0\u00a0\u00a0\u00a0\u00a0\u00a0\u00a0\u00a0\u00a0\u00a0\u00a0\u00a0\u00a0\u00a0\u00a0\u00a0\u00a0\u00a0\u00a0\u00a0\u00a0\u00a0\u00a0\u00a0\u00a0\u00a0 vi h\u00f6rs &#8230;<\/p>\n","protected":false},"excerpt":{"rendered":"<p>L\u00e4ser i\u00a0 lokaltidningen T\u00c5 att det ska byggas\u00a0\u00a0vindkraft \u00f6ster om N\u00e4s\u00e5ker, p\u00e5 b.la. Fl\u00e4rkberget. Det m\u00e5ste vara berget vi talade om hemma i Bysj\u00f6. Tar fram kartan, visst\u00a0det \u00e4r r\u00e4tt berg. Ser sj\u00f6n(Bysj\u00f6n) med holmen, och vidare mot Sn\u00f6ppen och Fl\u00e4rken eller &#8221;Yst i forsa&#8221; som vi sa\u00a0d\u00e4r Bysj\u00f6\u00e5n\u00a0 sammanbinderBysj\u00f6n ochGryssj\u00f6n. St\u00e4llen d\u00e4r jag som &hellip; <a href=\"https:\/\/mommas.junselebyar.se\/wp\/?p=3108\" class=\"more-link\">Forts\u00e4tt l\u00e4sa <span class=\"screen-reader-text\">Vindkraft<\/span> <span class=\"meta-nav\">&rarr;<\/span><\/a><\/p>\n","protected":false},"author":3,"featured_media":0,"comment_status":"open","ping_status":"closed","sticky":false,"template":"","format":"standard","meta":{"footnotes":""},"categories":[4],"tags":[],"class_list":["post-3108","post","type-post","status-publish","format-standard","hentry","category-fran-holafors"],"_links":{"self":[{"href":"https:\/\/mommas.junselebyar.se\/wp\/index.php?rest_route=\/wp\/v2\/posts\/3108","targetHints":{"allow":["GET"]}}],"collection":[{"href":"https:\/\/mommas.junselebyar.se\/wp\/index.php?rest_route=\/wp\/v2\/posts"}],"about":[{"href":"https:\/\/mommas.junselebyar.se\/wp\/index.php?rest_route=\/wp\/v2\/types\/post"}],"author":[{"embeddable":true,"href":"https:\/\/mommas.junselebyar.se\/wp\/index.php?rest_route=\/wp\/v2\/users\/3"}],"replies":[{"embeddable":true,"href":"https:\/\/mommas.junselebyar.se\/wp\/index.php?rest_route=%2Fwp%2Fv2%2Fcomments&post=3108"}],"version-history":[{"count":0,"href":"https:\/\/mommas.junselebyar.se\/wp\/index.php?rest_route=\/wp\/v2\/posts\/3108\/revisions"}],"wp:attachment":[{"href":"https:\/\/mommas.junselebyar.se\/wp\/index.php?rest_route=%2Fwp%2Fv2%2Fmedia&parent=3108"}],"wp:term":[{"taxonomy":"category","embeddable":true,"href":"https:\/\/mommas.junselebyar.se\/wp\/index.php?rest_route=%2Fwp%2Fv2%2Fcategories&post=3108"},{"taxonomy":"post_tag","embeddable":true,"href":"https:\/\/mommas.junselebyar.se\/wp\/index.php?rest_route=%2Fwp%2Fv2%2Ftags&post=3108"}],"curies":[{"name":"wp","href":"https:\/\/api.w.org\/{rel}","templated":true}]}}