{"id":3157,"date":"2011-05-30T13:12:26","date_gmt":"2011-05-30T11:12:26","guid":{"rendered":"http:\/\/vildavastra.se\/mommasblogg\/?p=3157"},"modified":"2011-05-30T13:12:26","modified_gmt":"2011-05-30T11:12:26","slug":"en-san-dag","status":"publish","type":"post","link":"https:\/\/mommas.junselebyar.se\/wp\/?p=3157","title":{"rendered":"En s\u00e5n dag!"},"content":{"rendered":"<p>S\u00e4ger som en av br\u00f6derna i Tv- serien Pistvakt,\u00a0&#8221;En s\u00e5n dag&#8221;.\u00a0 Fick en underbar Morsdag i g\u00e5r\u00a0av barn,barnbarn,med respktive. Tack alla underbara, fast ni hade lovat att hj\u00e4lpen med sovrum mm.fick bli present f\u00f6r kommande uppvaktningar. Men det \u00e4r ju inte dumt att f\u00e5 k\u00e4nna sig uppskattad. En annan sak ,svalorna anl\u00e4nde idag. Inte en utan fyra stycken glada kvittrande. S\u00e5 det kanske blir sommar i \u00e5r ocks\u00e5, fast den k\u00e4nns avl\u00e4gsen n\u00e4r termometern visar + 2 gr, kl fem p\u00e5 morron. Hade t\u00e4nkt klippa gr\u00e4set idag men regnet \u00f6ser ner, f\u00e5r hitta p\u00e5 n\u00e5got annat att g\u00f6ra, i v\u00e4ntan p\u00e5 sol och v\u00e4rme.<\/p>\n<p>Dagens citat : Vi har friheten att v\u00e4lja, \u00e4ven n\u00e4r vi tror att vi inte har det.<\/p>\n<p>+12 gr &#8230;\u00a0\u00a0\u00a0\u00a0\u00a0\u00a0\u00a0\u00a0\u00a0\u00a0\u00a0\u00a0\u00a0\u00a0\u00a0\u00a0\u00a0\u00a0\u00a0\u00a0\u00a0\u00a0\u00a0\u00a0\u00a0\u00a0\u00a0\u00a0\u00a0\u00a0\u00a0\u00a0\u00a0\u00a0\u00a0\u00a0 vi h\u00f6rs &#8230;<\/p>\n","protected":false},"excerpt":{"rendered":"<p>S\u00e4ger som en av br\u00f6derna i Tv- serien Pistvakt,\u00a0&#8221;En s\u00e5n dag&#8221;.\u00a0 Fick en underbar Morsdag i g\u00e5r\u00a0av barn,barnbarn,med respktive. Tack alla underbara, fast ni hade lovat att hj\u00e4lpen med sovrum mm.fick bli present f\u00f6r kommande uppvaktningar. Men det \u00e4r ju inte dumt att f\u00e5 k\u00e4nna sig uppskattad. En annan sak ,svalorna anl\u00e4nde idag. Inte en &hellip; <a href=\"https:\/\/mommas.junselebyar.se\/wp\/?p=3157\" class=\"more-link\">Forts\u00e4tt l\u00e4sa <span class=\"screen-reader-text\">En s\u00e5n dag!<\/span> <span class=\"meta-nav\">&rarr;<\/span><\/a><\/p>\n","protected":false},"author":3,"featured_media":0,"comment_status":"open","ping_status":"closed","sticky":false,"template":"","format":"standard","meta":{"footnotes":""},"categories":[4],"tags":[],"class_list":["post-3157","post","type-post","status-publish","format-standard","hentry","category-fran-holafors"],"_links":{"self":[{"href":"https:\/\/mommas.junselebyar.se\/wp\/index.php?rest_route=\/wp\/v2\/posts\/3157","targetHints":{"allow":["GET"]}}],"collection":[{"href":"https:\/\/mommas.junselebyar.se\/wp\/index.php?rest_route=\/wp\/v2\/posts"}],"about":[{"href":"https:\/\/mommas.junselebyar.se\/wp\/index.php?rest_route=\/wp\/v2\/types\/post"}],"author":[{"embeddable":true,"href":"https:\/\/mommas.junselebyar.se\/wp\/index.php?rest_route=\/wp\/v2\/users\/3"}],"replies":[{"embeddable":true,"href":"https:\/\/mommas.junselebyar.se\/wp\/index.php?rest_route=%2Fwp%2Fv2%2Fcomments&post=3157"}],"version-history":[{"count":0,"href":"https:\/\/mommas.junselebyar.se\/wp\/index.php?rest_route=\/wp\/v2\/posts\/3157\/revisions"}],"wp:attachment":[{"href":"https:\/\/mommas.junselebyar.se\/wp\/index.php?rest_route=%2Fwp%2Fv2%2Fmedia&parent=3157"}],"wp:term":[{"taxonomy":"category","embeddable":true,"href":"https:\/\/mommas.junselebyar.se\/wp\/index.php?rest_route=%2Fwp%2Fv2%2Fcategories&post=3157"},{"taxonomy":"post_tag","embeddable":true,"href":"https:\/\/mommas.junselebyar.se\/wp\/index.php?rest_route=%2Fwp%2Fv2%2Ftags&post=3157"}],"curies":[{"name":"wp","href":"https:\/\/api.w.org\/{rel}","templated":true}]}}