{"id":3172,"date":"2011-06-03T05:53:40","date_gmt":"2011-06-03T03:53:40","guid":{"rendered":"http:\/\/vildavastra.se\/mommasblogg\/?p=3172"},"modified":"2011-06-03T05:53:40","modified_gmt":"2011-06-03T03:53:40","slug":"hans-ingvar","status":"publish","type":"post","link":"https:\/\/mommas.junselebyar.se\/wp\/?p=3172","title":{"rendered":"Hans-Ingvar"},"content":{"rendered":"<figure id=\"attachment_3177\" aria-describedby=\"caption-attachment-3177\" style=\"width: 420px\" class=\"wp-caption alignleft\"><a href=\"http:\/\/vildavastra.se\/mommasblogg\/wp-content\/uploads\/2011\/06\/100_2324-h-i.jpg\"><img loading=\"lazy\" decoding=\"async\" class=\"size-medium wp-image-3177\" title=\"100_2324 h-i\" src=\"http:\/\/vildavastra.se\/mommasblogg\/wp-content\/uploads\/2011\/06\/100_2324-h-i-420x315.jpg\" alt=\"Gott kaffe och sm\u00f6rg\u00e5st\u00e5rta\" width=\"420\" height=\"315\" \/><\/a><figcaption id=\"caption-attachment-3177\" class=\"wp-caption-text\">Gott kaffe och sm\u00f6rg\u00e5st\u00e5rta<\/figcaption><\/figure>\n<p>Ig\u00e5r fyllde min bror Hans-Ingvar 81 \u00e5r. Hans Ingvar bor kvar p\u00e5 f\u00f6r\u00e4ldrag\u00e5rden i Bysj\u00f6n, som han renoverat upp och gjort till sitt eget lilla paradis. Trots \u00e5ldern s\u00e5 f\u00e4ller han tr\u00e4d, forslar hem med traktoroch s\u00e5gar br\u00e4der p\u00e5 sitt s\u00e5gverk . Br\u00e4der som sedan under vintern f\u00f6rvandlas i hans snickarverkstad\u00a0till b\u00e5de st\u00f6rre nytto och mindre prydnadssaker. Han delar ocks\u00e5 sin tid med s\u00e4rbon i Sollefte\u00e5. Men ig\u00e5r var han hemma i Bysj\u00f6n och vi gjorde v\u00e5rt \u00e5rliga bes\u00f6k.Tyv\u00e4rr var v\u00e4dret inte det b\u00e4sta, s\u00e5 vi fick h\u00e5lla oss inomhus. Blev bjuden p\u00e5 j\u00e4ttegod sm\u00f6rg\u00e5st\u00e5rta till kaffet,pratade minnen tittade p\u00e5 gamla kort, k\u00e4nde historiens vingslag. Ett m\u00e4rkligt lugn infann inne och ute runt hemmet.Det var dags att bryta upp, efter en tur &#8221;ner i byn&#8221; d\u00e4r \u00e4ven lugnet vilade, endast en gr\u00e5hund m\u00f6tte oss glatt viftande p\u00e5 svansen. S\u00e5 avslutade vi v\u00e5r \u00e5rliga resa f\u00f6r att bege oss hem\u00e5t med vetskap om att inom n\u00e5gra veckor kommer byn att leva upp av hemv\u00e4ndare som fyller alla hus med liv skratt och gl\u00e4dje. Inte minst till Byadagen den 24 juli.<\/p>\n<p>Dagens citat : Njut av livet det g\u00e5r inte i repris.<\/p>\n<p>+ 10 gr &#8230;\u00a0\u00a0\u00a0\u00a0\u00a0\u00a0\u00a0\u00a0\u00a0\u00a0\u00a0\u00a0\u00a0\u00a0\u00a0\u00a0\u00a0\u00a0\u00a0\u00a0\u00a0\u00a0\u00a0\u00a0\u00a0\u00a0\u00a0\u00a0\u00a0 vi h\u00f6rs &#8230;<\/p>\n","protected":false},"excerpt":{"rendered":"<p>Ig\u00e5r fyllde min bror Hans-Ingvar 81 \u00e5r. Hans Ingvar bor kvar p\u00e5 f\u00f6r\u00e4ldrag\u00e5rden i Bysj\u00f6n, som han renoverat upp och gjort till sitt eget lilla paradis. Trots \u00e5ldern s\u00e5 f\u00e4ller han tr\u00e4d, forslar hem med traktoroch s\u00e5gar br\u00e4der p\u00e5 sitt s\u00e5gverk . Br\u00e4der som sedan under vintern f\u00f6rvandlas i hans snickarverkstad\u00a0till b\u00e5de st\u00f6rre nytto och &hellip; <a href=\"https:\/\/mommas.junselebyar.se\/wp\/?p=3172\" class=\"more-link\">Forts\u00e4tt l\u00e4sa <span class=\"screen-reader-text\">Hans-Ingvar<\/span> <span class=\"meta-nav\">&rarr;<\/span><\/a><\/p>\n","protected":false},"author":3,"featured_media":0,"comment_status":"open","ping_status":"closed","sticky":false,"template":"","format":"standard","meta":{"footnotes":""},"categories":[4],"tags":[],"class_list":["post-3172","post","type-post","status-publish","format-standard","hentry","category-fran-holafors"],"_links":{"self":[{"href":"https:\/\/mommas.junselebyar.se\/wp\/index.php?rest_route=\/wp\/v2\/posts\/3172","targetHints":{"allow":["GET"]}}],"collection":[{"href":"https:\/\/mommas.junselebyar.se\/wp\/index.php?rest_route=\/wp\/v2\/posts"}],"about":[{"href":"https:\/\/mommas.junselebyar.se\/wp\/index.php?rest_route=\/wp\/v2\/types\/post"}],"author":[{"embeddable":true,"href":"https:\/\/mommas.junselebyar.se\/wp\/index.php?rest_route=\/wp\/v2\/users\/3"}],"replies":[{"embeddable":true,"href":"https:\/\/mommas.junselebyar.se\/wp\/index.php?rest_route=%2Fwp%2Fv2%2Fcomments&post=3172"}],"version-history":[{"count":0,"href":"https:\/\/mommas.junselebyar.se\/wp\/index.php?rest_route=\/wp\/v2\/posts\/3172\/revisions"}],"wp:attachment":[{"href":"https:\/\/mommas.junselebyar.se\/wp\/index.php?rest_route=%2Fwp%2Fv2%2Fmedia&parent=3172"}],"wp:term":[{"taxonomy":"category","embeddable":true,"href":"https:\/\/mommas.junselebyar.se\/wp\/index.php?rest_route=%2Fwp%2Fv2%2Fcategories&post=3172"},{"taxonomy":"post_tag","embeddable":true,"href":"https:\/\/mommas.junselebyar.se\/wp\/index.php?rest_route=%2Fwp%2Fv2%2Ftags&post=3172"}],"curies":[{"name":"wp","href":"https:\/\/api.w.org\/{rel}","templated":true}]}}