{"id":3181,"date":"2011-06-05T05:13:07","date_gmt":"2011-06-05T03:13:07","guid":{"rendered":"http:\/\/vildavastra.se\/mommasblogg\/?p=3181"},"modified":"2011-06-05T05:13:07","modified_gmt":"2011-06-05T03:13:07","slug":"storm","status":"publish","type":"post","link":"https:\/\/mommas.junselebyar.se\/wp\/?p=3181","title":{"rendered":"Storm"},"content":{"rendered":"<figure id=\"attachment_3183\" aria-describedby=\"caption-attachment-3183\" style=\"width: 420px\" class=\"wp-caption alignleft\"><a href=\"http:\/\/vildavastra.se\/mommasblogg\/wp-content\/uploads\/2011\/06\/100_2340-storm.jpg\"><img loading=\"lazy\" decoding=\"async\" class=\"size-medium wp-image-3183\" title=\"100_2340 storm\" src=\"http:\/\/vildavastra.se\/mommasblogg\/wp-content\/uploads\/2011\/06\/100_2340-storm-420x315.jpg\" alt=\"Kunde varit v\u00e4rre!\" width=\"420\" height=\"315\" \/><\/a><figcaption id=\"caption-attachment-3183\" class=\"wp-caption-text\">Kunde varit v\u00e4rre!<\/figcaption><\/figure>\n<p>Ig\u00e5r stormade det \u00f6ver\u00c5ngermanland och Holafors. Det tog i riktigt ordentligt, man k\u00e4nner sin litenhet. F\u00f6r oss gick det ju \u00e4nd\u00e5 bra,blev utan el i 15 timmar , vi har ju v\u00e5rt primusk\u00f6k.Vattnet tog slut, cocacola gick bra som ers\u00e4ttning f\u00f6r t\u00f6rst.Regnvattnet och vatten fr\u00e5n tr\u00e4dg\u00e5rdsdammen gick att anv\u00e4nda i toan, s\u00e5 vi ska inte klaga. Idag \u00e4r det lugnt,f\u00e5r anv\u00e4nda dagen till att plocka skr\u00e4p rensa upp lite ute ,s\u00e5 blir allt som vanligt igen.<\/p>\n<p>Dagens citat :F\u00f6rdelen med v\u00e5ra bekymmer \u00e4r att de inte stannar f\u00f6r evigt.<\/p>\n<p>+3gr&#8230; vi h\u00f6rs&#8230;<\/p>\n","protected":false},"excerpt":{"rendered":"<p>Ig\u00e5r stormade det \u00f6ver\u00c5ngermanland och Holafors. Det tog i riktigt ordentligt, man k\u00e4nner sin litenhet. F\u00f6r oss gick det ju \u00e4nd\u00e5 bra,blev utan el i 15 timmar , vi har ju v\u00e5rt primusk\u00f6k.Vattnet tog slut, cocacola gick bra som ers\u00e4ttning f\u00f6r t\u00f6rst.Regnvattnet och vatten fr\u00e5n tr\u00e4dg\u00e5rdsdammen gick att anv\u00e4nda i toan, s\u00e5 vi ska inte &hellip; <a href=\"https:\/\/mommas.junselebyar.se\/wp\/?p=3181\" class=\"more-link\">Forts\u00e4tt l\u00e4sa <span class=\"screen-reader-text\">Storm<\/span> <span class=\"meta-nav\">&rarr;<\/span><\/a><\/p>\n","protected":false},"author":3,"featured_media":0,"comment_status":"open","ping_status":"closed","sticky":false,"template":"","format":"standard","meta":{"footnotes":""},"categories":[4],"tags":[],"class_list":["post-3181","post","type-post","status-publish","format-standard","hentry","category-fran-holafors"],"_links":{"self":[{"href":"https:\/\/mommas.junselebyar.se\/wp\/index.php?rest_route=\/wp\/v2\/posts\/3181","targetHints":{"allow":["GET"]}}],"collection":[{"href":"https:\/\/mommas.junselebyar.se\/wp\/index.php?rest_route=\/wp\/v2\/posts"}],"about":[{"href":"https:\/\/mommas.junselebyar.se\/wp\/index.php?rest_route=\/wp\/v2\/types\/post"}],"author":[{"embeddable":true,"href":"https:\/\/mommas.junselebyar.se\/wp\/index.php?rest_route=\/wp\/v2\/users\/3"}],"replies":[{"embeddable":true,"href":"https:\/\/mommas.junselebyar.se\/wp\/index.php?rest_route=%2Fwp%2Fv2%2Fcomments&post=3181"}],"version-history":[{"count":0,"href":"https:\/\/mommas.junselebyar.se\/wp\/index.php?rest_route=\/wp\/v2\/posts\/3181\/revisions"}],"wp:attachment":[{"href":"https:\/\/mommas.junselebyar.se\/wp\/index.php?rest_route=%2Fwp%2Fv2%2Fmedia&parent=3181"}],"wp:term":[{"taxonomy":"category","embeddable":true,"href":"https:\/\/mommas.junselebyar.se\/wp\/index.php?rest_route=%2Fwp%2Fv2%2Fcategories&post=3181"},{"taxonomy":"post_tag","embeddable":true,"href":"https:\/\/mommas.junselebyar.se\/wp\/index.php?rest_route=%2Fwp%2Fv2%2Ftags&post=3181"}],"curies":[{"name":"wp","href":"https:\/\/api.w.org\/{rel}","templated":true}]}}