{"id":3216,"date":"2011-06-16T12:38:00","date_gmt":"2011-06-16T10:38:00","guid":{"rendered":"http:\/\/vildavastra.se\/mommasblogg\/?p=3216"},"modified":"2011-06-16T12:38:00","modified_gmt":"2011-06-16T10:38:00","slug":"lite-av-varje-2","status":"publish","type":"post","link":"https:\/\/mommas.junselebyar.se\/wp\/?p=3216","title":{"rendered":"Lite av varje"},"content":{"rendered":"<div class=\"mceTemp\">\n<div class=\"mceTemp\">\n<figure id=\"attachment_3225\" aria-describedby=\"caption-attachment-3225\" style=\"width: 420px\" class=\"wp-caption alignleft\"><a href=\"http:\/\/vildavastra.se\/mommasblogg\/wp-content\/uploads\/2011\/06\/100_2388.JPG\"><img loading=\"lazy\" decoding=\"async\" class=\"size-medium wp-image-3225\" title=\"100_2388\" src=\"http:\/\/vildavastra.se\/mommasblogg\/wp-content\/uploads\/2011\/06\/100_2388-420x315.jpg\" alt=\"Framme vid v\u00e4gsk\u00e4let\" width=\"420\" height=\"315\" \/><\/a><figcaption id=\"caption-attachment-3225\" class=\"wp-caption-text\">Framme vid v\u00e4gsk\u00e4let<\/figcaption><\/figure>\n<dl id=\"attachment_3221\" class=\"wp-caption alignleft\" style=\"width: 430px;\">\n<dt class=\"wp-caption-dt\"><a href=\"http:\/\/vildavastra.se\/mommasblogg\/wp-content\/uploads\/2011\/06\/100_2382-du.jpg\"><img loading=\"lazy\" decoding=\"async\" class=\"size-medium wp-image-3221\" title=\"100_2382 du\" src=\"http:\/\/vildavastra.se\/mommasblogg\/wp-content\/uploads\/2011\/06\/100_2382-du-420x315.jpg\" alt=\"P\u00e5 v\u00e4g hem\u00e5t\" width=\"420\" height=\"315\" \/><\/a><\/dt>\n<dd class=\"wp-caption-dd\">P\u00e5 v\u00e4g hem\u00e5t<\/dd>\n<\/dl>\n<\/div>\n<dl id=\"attachment_3219\" class=\"wp-caption alignleft\" style=\"width: 430px;\">\n<dt class=\"wp-caption-dt\"><a href=\"http:\/\/vildavastra.se\/mommasblogg\/wp-content\/uploads\/2011\/06\/100_2379-jag.jpg\"><img loading=\"lazy\" decoding=\"async\" class=\"size-medium wp-image-3219\" title=\"100_2379 jag\" src=\"http:\/\/vildavastra.se\/mommasblogg\/wp-content\/uploads\/2011\/06\/100_2379-jag-420x315.jpg\" alt=\"Vilopaus 1km kvar\" width=\"420\" height=\"315\" \/><\/a><\/dt>\n<dd class=\"wp-caption-dd\">Vilopaus 1km kvar<\/dd>\n<\/dl>\n<\/div>\n<p>G\u00e5rdagen skulle bli en dag med stavg\u00e5ng. Men t\u00e4nk vi slapp, det b\u00f6rja regna. Det \u00e4r beh\u00f6vligt f\u00f6r b\u00e5de Kjell och mig att ta upp stavg\u00e5ngen igen. Vi b\u00e5da \u00e4r lite ostadig p\u00e5 benen, eftersom vi har v\u00e4rk vaje dag s\u00e5 fegar vi g\u00e4rna, har sv\u00e5rt att komma ig\u00e5ng. Men idag kanske? Kan annars ber\u00e4tta att nu har N\u00e4s\u00e5ker en hemsida igen, WWW. ADALSLIDEN.SE D\u00e4r finns ocks\u00e5 &#8221;min&#8221; Holaforssida nu.\u00a0 Jag har ocks\u00e5 f\u00e5tt en GILLA-knapp till Mommasidans kommentarer f\u00f6r er som tycker att det \u00e4r l\u00e4ttare att trycka p\u00e5Gilla, \u00e4n att skriva en\u00a0kommentar.\u00a0Ni kommer ocks\u00e5\u00a0 s\u00e5 sm\u00e5ningom att kunna lyssna till en f\u00f6rel\u00e4sning av mig. Jag h\u00f6ll den 1995 p\u00e5 Skandinaviska LedarH\u00f6gskolan i \u00d6rebro. Den har sedan g\u00e5tt\u00a0i utbildningen i avsnitt. m\u00e5lbild. och g\u00e5r fortfarande.\u00a0T\u00e4nkte den som avslut i &#8221;Mentaltr\u00e4ning&#8221;. Nu h\u00e5ller min mjuka pepparkaka\u00a0 p\u00e5 att vara klar, sen s\u00e5 det \u00e4r bara att sn\u00f6ra p\u00e5 sig Gympaskorna, spotta i n\u00e4varna och ge sig iv\u00e4g p\u00e5 2 km. rundan.<\/p>\n<p>Dagens citat : I dag \u00e4r en bra dag att s\u00e4tta upp ett m\u00e5l som vi g\u00e4rna vill uppn\u00e5<\/p>\n<p>+ 17gr..\u00a0\u00a0\u00a0\u00a0\u00a0\u00a0\u00a0\u00a0\u00a0\u00a0\u00a0\u00a0\u00a0\u00a0\u00a0\u00a0\u00a0\u00a0\u00a0\u00a0\u00a0\u00a0\u00a0\u00a0\u00a0\u00a0\u00a0\u00a0\u00a0\u00a0\u00a0\u00a0\u00a0\u00a0\u00a0\u00a0\u00a0 vi h\u00f6rs &#8230;<\/p>\n","protected":false},"excerpt":{"rendered":"<p>P\u00e5 v\u00e4g hem\u00e5t Vilopaus 1km kvar G\u00e5rdagen skulle bli en dag med stavg\u00e5ng. Men t\u00e4nk vi slapp, det b\u00f6rja regna. Det \u00e4r beh\u00f6vligt f\u00f6r b\u00e5de Kjell och mig att ta upp stavg\u00e5ngen igen. Vi b\u00e5da \u00e4r lite ostadig p\u00e5 benen, eftersom vi har v\u00e4rk vaje dag s\u00e5 fegar vi g\u00e4rna, har sv\u00e5rt att komma ig\u00e5ng. &hellip; <a href=\"https:\/\/mommas.junselebyar.se\/wp\/?p=3216\" class=\"more-link\">Forts\u00e4tt l\u00e4sa <span class=\"screen-reader-text\">Lite av varje<\/span> <span class=\"meta-nav\">&rarr;<\/span><\/a><\/p>\n","protected":false},"author":3,"featured_media":0,"comment_status":"open","ping_status":"closed","sticky":false,"template":"","format":"standard","meta":{"footnotes":""},"categories":[4],"tags":[],"class_list":["post-3216","post","type-post","status-publish","format-standard","hentry","category-fran-holafors"],"_links":{"self":[{"href":"https:\/\/mommas.junselebyar.se\/wp\/index.php?rest_route=\/wp\/v2\/posts\/3216","targetHints":{"allow":["GET"]}}],"collection":[{"href":"https:\/\/mommas.junselebyar.se\/wp\/index.php?rest_route=\/wp\/v2\/posts"}],"about":[{"href":"https:\/\/mommas.junselebyar.se\/wp\/index.php?rest_route=\/wp\/v2\/types\/post"}],"author":[{"embeddable":true,"href":"https:\/\/mommas.junselebyar.se\/wp\/index.php?rest_route=\/wp\/v2\/users\/3"}],"replies":[{"embeddable":true,"href":"https:\/\/mommas.junselebyar.se\/wp\/index.php?rest_route=%2Fwp%2Fv2%2Fcomments&post=3216"}],"version-history":[{"count":0,"href":"https:\/\/mommas.junselebyar.se\/wp\/index.php?rest_route=\/wp\/v2\/posts\/3216\/revisions"}],"wp:attachment":[{"href":"https:\/\/mommas.junselebyar.se\/wp\/index.php?rest_route=%2Fwp%2Fv2%2Fmedia&parent=3216"}],"wp:term":[{"taxonomy":"category","embeddable":true,"href":"https:\/\/mommas.junselebyar.se\/wp\/index.php?rest_route=%2Fwp%2Fv2%2Fcategories&post=3216"},{"taxonomy":"post_tag","embeddable":true,"href":"https:\/\/mommas.junselebyar.se\/wp\/index.php?rest_route=%2Fwp%2Fv2%2Ftags&post=3216"}],"curies":[{"name":"wp","href":"https:\/\/api.w.org\/{rel}","templated":true}]}}