{"id":3227,"date":"2011-06-19T06:04:33","date_gmt":"2011-06-19T04:04:33","guid":{"rendered":"http:\/\/vildavastra.se\/mommasblogg\/?p=3227"},"modified":"2011-06-19T06:04:33","modified_gmt":"2011-06-19T04:04:33","slug":"fagelvannen","status":"publish","type":"post","link":"https:\/\/mommas.junselebyar.se\/wp\/?p=3227","title":{"rendered":"F\u00e5gelv\u00e4nnen"},"content":{"rendered":"<p>Att Kjell \u00e4lskar f\u00e5glar, det vet jag,men i g\u00e5r kunde det g\u00e5tt illa. han saknar &#8221;sina &#8221; svalor som f\u00f6rut byggt bo i stallet numera garaget. Varje sommar kommer det ett par och verkar intresserade, men ger sig sedan iv\u00e4g n\u00e5n annanstans. Kjell var i garaget ig\u00e5r, h\u00f6ll p\u00e5 med bilen. D\u00e5 kom dom,fl\u00f6g in och ut kvittrade och verkade intresserade av bobyggande igen. Men vis fr\u00e5n f\u00f6reg\u00e5ende \u00e5r st\u00e4ngde Kjell garageporten n\u00e4r han gick d\u00e4rifr\u00e5n. Svalorna fortsatte sitt envisa f\u00f6rs\u00f6k att komma in. Jag g\u00e5r dit och \u00f6ppnar f\u00f6nstret, s\u00e4ger Kjell. Var f\u00f6rsiktig s\u00e4ger jag n\u00e4r han g\u00e5r.K\u00e4nde p\u00e5 mig att det inte va bra f\u00f6r honom att kliva ock kl\u00e4ttra uppefter v\u00e4ggarna.\u00a0Mycket riktit, In kommer Kjell ,blodig i ansikte, glas\u00f6gonen trasig, jeanskn\u00e4na s\u00f6nder, blod rinner utefter benet. Vad har du gjort? Stod p\u00e5 huvet mot cementgolvet. Kjell \u00e4ter blodf\u00f6rtunnande, s\u00e5 det blev lite pyssel och pl\u00e5strande innan blodfl\u00f6det stillade. Som tur va ,var det inte s\u00e5 illa som det s\u00e5g ut. Men n\u00e5gra svalor hos oss blir det nog inte mer, hur f\u00e5gelv\u00e4n man \u00e4n \u00e4r. N\u00e5n m\u00e5tta f\u00e5r det \u00e4nd\u00e5 va.<\/p>\n<p>Dagens citat :\u00a0 Vi l\u00e4r oss\u00a0 n\u00e5gonting av alla v\u00e5ra misstag- om vi vill.<\/p>\n<p>+7 gr&#8230;\u00a0\u00a0\u00a0\u00a0\u00a0\u00a0\u00a0\u00a0\u00a0\u00a0\u00a0\u00a0\u00a0\u00a0\u00a0\u00a0\u00a0\u00a0\u00a0\u00a0 vi h\u00f6rs&#8230;<\/p>\n","protected":false},"excerpt":{"rendered":"<p>Att Kjell \u00e4lskar f\u00e5glar, det vet jag,men i g\u00e5r kunde det g\u00e5tt illa. han saknar &#8221;sina &#8221; svalor som f\u00f6rut byggt bo i stallet numera garaget. Varje sommar kommer det ett par och verkar intresserade, men ger sig sedan iv\u00e4g n\u00e5n annanstans. Kjell var i garaget ig\u00e5r, h\u00f6ll p\u00e5 med bilen. D\u00e5 kom dom,fl\u00f6g in &hellip; <a href=\"https:\/\/mommas.junselebyar.se\/wp\/?p=3227\" class=\"more-link\">Forts\u00e4tt l\u00e4sa <span class=\"screen-reader-text\">F\u00e5gelv\u00e4nnen<\/span> <span class=\"meta-nav\">&rarr;<\/span><\/a><\/p>\n","protected":false},"author":3,"featured_media":0,"comment_status":"open","ping_status":"closed","sticky":false,"template":"","format":"standard","meta":{"footnotes":""},"categories":[4],"tags":[],"class_list":["post-3227","post","type-post","status-publish","format-standard","hentry","category-fran-holafors"],"_links":{"self":[{"href":"https:\/\/mommas.junselebyar.se\/wp\/index.php?rest_route=\/wp\/v2\/posts\/3227","targetHints":{"allow":["GET"]}}],"collection":[{"href":"https:\/\/mommas.junselebyar.se\/wp\/index.php?rest_route=\/wp\/v2\/posts"}],"about":[{"href":"https:\/\/mommas.junselebyar.se\/wp\/index.php?rest_route=\/wp\/v2\/types\/post"}],"author":[{"embeddable":true,"href":"https:\/\/mommas.junselebyar.se\/wp\/index.php?rest_route=\/wp\/v2\/users\/3"}],"replies":[{"embeddable":true,"href":"https:\/\/mommas.junselebyar.se\/wp\/index.php?rest_route=%2Fwp%2Fv2%2Fcomments&post=3227"}],"version-history":[{"count":0,"href":"https:\/\/mommas.junselebyar.se\/wp\/index.php?rest_route=\/wp\/v2\/posts\/3227\/revisions"}],"wp:attachment":[{"href":"https:\/\/mommas.junselebyar.se\/wp\/index.php?rest_route=%2Fwp%2Fv2%2Fmedia&parent=3227"}],"wp:term":[{"taxonomy":"category","embeddable":true,"href":"https:\/\/mommas.junselebyar.se\/wp\/index.php?rest_route=%2Fwp%2Fv2%2Fcategories&post=3227"},{"taxonomy":"post_tag","embeddable":true,"href":"https:\/\/mommas.junselebyar.se\/wp\/index.php?rest_route=%2Fwp%2Fv2%2Ftags&post=3227"}],"curies":[{"name":"wp","href":"https:\/\/api.w.org\/{rel}","templated":true}]}}