{"id":3233,"date":"2011-06-20T05:46:15","date_gmt":"2011-06-20T03:46:15","guid":{"rendered":"http:\/\/vildavastra.se\/mommasblogg\/?p=3233"},"modified":"2011-06-20T05:46:15","modified_gmt":"2011-06-20T03:46:15","slug":"veteranfordonsrally","status":"publish","type":"post","link":"https:\/\/mommas.junselebyar.se\/wp\/?p=3233","title":{"rendered":"Veteranfordonsrally"},"content":{"rendered":"<figure id=\"attachment_3238\" aria-describedby=\"caption-attachment-3238\" style=\"width: 420px\" class=\"wp-caption alignnone\"><a href=\"http:\/\/vildavastra.se\/mommasblogg\/wp-content\/uploads\/2011\/06\/100_2398.JPG\"><img loading=\"lazy\" decoding=\"async\" class=\"size-medium wp-image-3238 \" title=\"100_2398\" src=\"http:\/\/vildavastra.se\/mommasblogg\/wp-content\/uploads\/2011\/06\/100_2398-420x315.jpg\" alt=\"Bilarna b\u00f6rjar samlas\" width=\"420\" height=\"315\" \/><\/a><figcaption id=\"caption-attachment-3238\" class=\"wp-caption-text\">Bilarna b\u00f6rjar samlas<\/figcaption><\/figure>\n<figure id=\"attachment_3239\" aria-describedby=\"caption-attachment-3239\" style=\"width: 420px\" class=\"wp-caption alignnone\"><a href=\"http:\/\/vildavastra.se\/mommasblogg\/wp-content\/uploads\/2011\/06\/100_2390-min-favvo.jpg\"><img loading=\"lazy\" decoding=\"async\" class=\"size-medium wp-image-3239 \" title=\"100_2390 min favvo\" src=\"http:\/\/vildavastra.se\/mommasblogg\/wp-content\/uploads\/2011\/06\/100_2390-min-favvo-420x315.jpg\" alt=\"Min favorit\" width=\"420\" height=\"315\" \/><\/a><figcaption id=\"caption-attachment-3239\" class=\"wp-caption-text\">Min favorit<\/figcaption><\/figure>\n<p>L\u00f6rdagen 18:e juni,\u00a0blev Kjell och jag bjudna av dottern Mona och hennes Uffas att f\u00e5 f\u00f6lja med p\u00e5 ett Veteranfordonsrally p\u00e5 K\u00e4gelvallen i \u00c5smon. En mycket trevlig och uppskattad tillst\u00e4llning. Ett Veteranfordon m\u00e5ste vara minst 30 \u00e5r gammalt. Vi \u00e5kte med i Uffas Cheva 56:a. Kjell som kartl\u00e4sare, enl honom en mycket ansvarsfull\u00a0 utn\u00e4mning. Mona och jag som passagerare. 62 fordon av olika \u00e5rg\u00e5ngar fanns med. Vi startade som nr.19. Rallyt gick\u00a0 f\u00f6rbi N\u00e4s\u00e5ker- riks90 sedan \u00f6ver L\u00e5ngbj\u00f6rn genom G\u00e5releselet \u00f6ver Laselebron mot N\u00e4s\u00e5ker och \u00e5ter \u00c5smon. Fem stationer fanns efter v\u00e4gen d\u00e4r olika finurliga uppgifter skulle l\u00f6sas. Tillbaka i \u00c5smon fanns tillf\u00e4lle f\u00f6r Picknick, av egen medhavd\u00a0mats\u00e4ck, eller k\u00f6pa hamburgare, grilltallrik mm. Dagen blev l\u00e5ng innan alla 62 bilar var inkommna, prisutdelning\u00a0 slutf\u00f6rd, mm. Men arrang\u00f6rsgruppen skall ha en stor eloge och rosor f\u00f6r en v\u00e4l och trevlig\u00a0 genom f\u00f6rd dag. Och vi gamlingar tackar Mona och Uffas f\u00f6r att vi fick tillbringa dagen med dem.\u00a0 En dag att minnas, Stor kram.<\/p>\n<p>Dagens citat : Om vi l\u00e4r oss att hitta gl\u00e4dje i det lilla blir livet s\u00e5 mycket roligare<\/p>\n<p>+6gr&#8230;\u00a0\u00a0\u00a0\u00a0\u00a0\u00a0\u00a0\u00a0\u00a0\u00a0\u00a0\u00a0\u00a0\u00a0\u00a0\u00a0\u00a0\u00a0\u00a0\u00a0\u00a0\u00a0\u00a0\u00a0\u00a0\u00a0\u00a0\u00a0\u00a0\u00a0\u00a0\u00a0\u00a0\u00a0\u00a0\u00a0\u00a0\u00a0\u00a0\u00a0\u00a0\u00a0\u00a0\u00a0\u00a0\u00a0\u00a0\u00a0\u00a0\u00a0\u00a0\u00a0\u00a0\u00a0\u00a0\u00a0\u00a0\u00a0\u00a0\u00a0\u00a0\u00a0 vi h\u00f6rs&#8230;<\/p>\n<figure id=\"attachment_3236\" aria-describedby=\"caption-attachment-3236\" style=\"width: 420px\" class=\"wp-caption alignnone\"><a href=\"http:\/\/vildavastra.se\/mommasblogg\/wp-content\/uploads\/2011\/06\/100_2401.JPG\"><img loading=\"lazy\" decoding=\"async\" class=\"size-medium wp-image-3236 \" title=\"100_2401\" src=\"http:\/\/vildavastra.se\/mommasblogg\/wp-content\/uploads\/2011\/06\/100_2401-420x315.jpg\" alt=\"Uffas Cheva 56\" width=\"420\" height=\"315\" \/><\/a><figcaption id=\"caption-attachment-3236\" class=\"wp-caption-text\">Uffas Cheva 56<\/figcaption><\/figure>\n","protected":false},"excerpt":{"rendered":"<p>L\u00f6rdagen 18:e juni,\u00a0blev Kjell och jag bjudna av dottern Mona och hennes Uffas att f\u00e5 f\u00f6lja med p\u00e5 ett Veteranfordonsrally p\u00e5 K\u00e4gelvallen i \u00c5smon. En mycket trevlig och uppskattad tillst\u00e4llning. Ett Veteranfordon m\u00e5ste vara minst 30 \u00e5r gammalt. Vi \u00e5kte med i Uffas Cheva 56:a. Kjell som kartl\u00e4sare, enl honom en mycket ansvarsfull\u00a0 utn\u00e4mning. Mona &hellip; <a href=\"https:\/\/mommas.junselebyar.se\/wp\/?p=3233\" class=\"more-link\">Forts\u00e4tt l\u00e4sa <span class=\"screen-reader-text\">Veteranfordonsrally<\/span> <span class=\"meta-nav\">&rarr;<\/span><\/a><\/p>\n","protected":false},"author":3,"featured_media":0,"comment_status":"open","ping_status":"closed","sticky":false,"template":"","format":"standard","meta":{"footnotes":""},"categories":[4],"tags":[],"class_list":["post-3233","post","type-post","status-publish","format-standard","hentry","category-fran-holafors"],"_links":{"self":[{"href":"https:\/\/mommas.junselebyar.se\/wp\/index.php?rest_route=\/wp\/v2\/posts\/3233","targetHints":{"allow":["GET"]}}],"collection":[{"href":"https:\/\/mommas.junselebyar.se\/wp\/index.php?rest_route=\/wp\/v2\/posts"}],"about":[{"href":"https:\/\/mommas.junselebyar.se\/wp\/index.php?rest_route=\/wp\/v2\/types\/post"}],"author":[{"embeddable":true,"href":"https:\/\/mommas.junselebyar.se\/wp\/index.php?rest_route=\/wp\/v2\/users\/3"}],"replies":[{"embeddable":true,"href":"https:\/\/mommas.junselebyar.se\/wp\/index.php?rest_route=%2Fwp%2Fv2%2Fcomments&post=3233"}],"version-history":[{"count":0,"href":"https:\/\/mommas.junselebyar.se\/wp\/index.php?rest_route=\/wp\/v2\/posts\/3233\/revisions"}],"wp:attachment":[{"href":"https:\/\/mommas.junselebyar.se\/wp\/index.php?rest_route=%2Fwp%2Fv2%2Fmedia&parent=3233"}],"wp:term":[{"taxonomy":"category","embeddable":true,"href":"https:\/\/mommas.junselebyar.se\/wp\/index.php?rest_route=%2Fwp%2Fv2%2Fcategories&post=3233"},{"taxonomy":"post_tag","embeddable":true,"href":"https:\/\/mommas.junselebyar.se\/wp\/index.php?rest_route=%2Fwp%2Fv2%2Ftags&post=3233"}],"curies":[{"name":"wp","href":"https:\/\/api.w.org\/{rel}","templated":true}]}}