{"id":3281,"date":"2011-07-01T06:32:05","date_gmt":"2011-07-01T04:32:05","guid":{"rendered":"http:\/\/vildavastra.se\/mommasblogg\/?p=3281"},"modified":"2011-07-01T06:32:05","modified_gmt":"2011-07-01T04:32:05","slug":"morronfilosofi","status":"publish","type":"post","link":"https:\/\/mommas.junselebyar.se\/wp\/?p=3281","title":{"rendered":"Morronfilosofi"},"content":{"rendered":"<div class=\"mceTemp\">\n<div class=\"mceTemp\">\n<figure id=\"attachment_3289\" aria-describedby=\"caption-attachment-3289\" style=\"width: 420px\" class=\"wp-caption alignleft\"><a href=\"http:\/\/vildavastra.se\/mommasblogg\/wp-content\/uploads\/2011\/07\/berget.jpg\"><img loading=\"lazy\" decoding=\"async\" class=\"size-medium wp-image-3289\" title=\"berget\" src=\"http:\/\/vildavastra.se\/mommasblogg\/wp-content\/uploads\/2011\/07\/berget-420x315.jpg\" alt=\"Sol \u00f6ver det lilla man ser av Holaforsberget.Grannens hus.\" width=\"420\" height=\"315\" \/><\/a><figcaption id=\"caption-attachment-3289\" class=\"wp-caption-text\">Sol \u00f6ver det lilla man ser av Holaforsberget.Grannens hus.<\/figcaption><\/figure>\n<dl id=\"attachment_3287\" class=\"wp-caption alignleft\" style=\"width: 430px;\">\n<dt class=\"wp-caption-dt\"><a href=\"http:\/\/vildavastra.se\/mommasblogg\/wp-content\/uploads\/2011\/07\/100_2464-soluppg\u00e5ng.jpg\"><img loading=\"lazy\" decoding=\"async\" class=\"size-medium wp-image-3287\" title=\"100_2464 soluppg\u00e5ng\" src=\"http:\/\/vildavastra.se\/mommasblogg\/wp-content\/uploads\/2011\/07\/100_2464-soluppg\u00e5ng-420x315.jpg\" alt=\"Soluppg\u00e5ng kl. 4.15\" width=\"420\" height=\"315\" \/><\/a><\/dt>\n<dd class=\"wp-caption-dd\">Soluppg\u00e5ng kl. 4.15<\/dd>\n<\/dl>\n<\/div>\n<dl id=\"attachment_3285\" class=\"wp-caption alignleft\" style=\"width: 430px;\">\n<dt class=\"wp-caption-dt\"><a href=\"http:\/\/vildavastra.se\/mommasblogg\/wp-content\/uploads\/2011\/07\/b\u00e4nk.jpg\"><img loading=\"lazy\" decoding=\"async\" class=\"size-medium wp-image-3285\" title=\"b\u00e4nk\" src=\"http:\/\/vildavastra.se\/mommasblogg\/wp-content\/uploads\/2011\/07\/b\u00e4nk-420x315.jpg\" alt=\"Morronb\u00e4nken\" width=\"420\" height=\"315\" \/><\/a><\/dt>\n<dd class=\"wp-caption-dd\">Morronb\u00e4nken<\/dd>\n<\/dl>\n<\/div>\n<p>Det \u00e4r tidig morron, kl. \u00e4r 04.15 har kokat mitt kaffe,h\u00e4mtat tidningen. Sitter p\u00e5 min enkla b\u00e4nk bakom huset och v\u00e4ntar p\u00e5 soluppg\u00e5ngen. Njuter av f\u00e5gels\u00e5ngen, f\u00f6r \u00f6vrigt tystnaden, har s\u00e5 gjort i56 \u00e5r nu.\u00a0 Har flera mycket sk\u00f6nare sittplatser, men med \u00e5ren har utsikten f\u00f6r\u00e4ndrats, vuxit igen av tr\u00e4d och sly. Men jag m\u00e5r bra p\u00e5 min b\u00e4nk. Det g\u00e4ller att passa p\u00e5 och de mornar som vi haft nu ett tag har varit underbara. F\u00f6rr om \u00e5ren kunde man se l\u00e5ngt, f\u00f6r bara 40 \u00e5r sedan var det \u00f6ppna \u00e5krar och kullar d\u00e4r korna betade. Men allt f\u00f6r\u00e4ndras, \u00e4ven jag . Men jag \u00e4r tacksam \u00f6ver alla \u00e5r jag f\u00e5tt vara med och f\u00f6lja utvecklingen i byn och fr\u00e5n min b\u00e4nk kan f\u00e5 se solen g\u00e5 upp p\u00e5 samma plats, p\u00e5 samma tid som alltid, den har och kommer f\u00f6rhoppningsvis inte\u00a0att f\u00f6r\u00e4ndras.<\/p>\n<p>Dagens citat : All f\u00f6r\u00e4ndrig \u00e4r m\u00f6jlig.<\/p>\n<p>+ 15gr&#8230;\u00a0\u00a0\u00a0\u00a0\u00a0\u00a0\u00a0\u00a0\u00a0\u00a0\u00a0\u00a0\u00a0\u00a0\u00a0\u00a0\u00a0\u00a0\u00a0\u00a0\u00a0\u00a0\u00a0\u00a0\u00a0\u00a0\u00a0\u00a0\u00a0\u00a0\u00a0\u00a0\u00a0\u00a0\u00a0\u00a0\u00a0\u00a0\u00a0\u00a0\u00a0\u00a0\u00a0\u00a0\u00a0\u00a0\u00a0\u00a0\u00a0\u00a0\u00a0\u00a0\u00a0\u00a0\u00a0\u00a0\u00a0\u00a0\u00a0\u00a0\u00a0\u00a0\u00a0\u00a0\u00a0\u00a0\u00a0\u00a0 vi h\u00f6rs&#8230;<\/p>\n","protected":false},"excerpt":{"rendered":"<p>Soluppg\u00e5ng kl. 4.15 Morronb\u00e4nken Det \u00e4r tidig morron, kl. \u00e4r 04.15 har kokat mitt kaffe,h\u00e4mtat tidningen. Sitter p\u00e5 min enkla b\u00e4nk bakom huset och v\u00e4ntar p\u00e5 soluppg\u00e5ngen. Njuter av f\u00e5gels\u00e5ngen, f\u00f6r \u00f6vrigt tystnaden, har s\u00e5 gjort i56 \u00e5r nu.\u00a0 Har flera mycket sk\u00f6nare sittplatser, men med \u00e5ren har utsikten f\u00f6r\u00e4ndrats, vuxit igen av tr\u00e4d och &hellip; <a href=\"https:\/\/mommas.junselebyar.se\/wp\/?p=3281\" class=\"more-link\">Forts\u00e4tt l\u00e4sa <span class=\"screen-reader-text\">Morronfilosofi<\/span> <span class=\"meta-nav\">&rarr;<\/span><\/a><\/p>\n","protected":false},"author":3,"featured_media":0,"comment_status":"open","ping_status":"closed","sticky":false,"template":"","format":"standard","meta":{"footnotes":""},"categories":[4],"tags":[],"class_list":["post-3281","post","type-post","status-publish","format-standard","hentry","category-fran-holafors"],"_links":{"self":[{"href":"https:\/\/mommas.junselebyar.se\/wp\/index.php?rest_route=\/wp\/v2\/posts\/3281","targetHints":{"allow":["GET"]}}],"collection":[{"href":"https:\/\/mommas.junselebyar.se\/wp\/index.php?rest_route=\/wp\/v2\/posts"}],"about":[{"href":"https:\/\/mommas.junselebyar.se\/wp\/index.php?rest_route=\/wp\/v2\/types\/post"}],"author":[{"embeddable":true,"href":"https:\/\/mommas.junselebyar.se\/wp\/index.php?rest_route=\/wp\/v2\/users\/3"}],"replies":[{"embeddable":true,"href":"https:\/\/mommas.junselebyar.se\/wp\/index.php?rest_route=%2Fwp%2Fv2%2Fcomments&post=3281"}],"version-history":[{"count":0,"href":"https:\/\/mommas.junselebyar.se\/wp\/index.php?rest_route=\/wp\/v2\/posts\/3281\/revisions"}],"wp:attachment":[{"href":"https:\/\/mommas.junselebyar.se\/wp\/index.php?rest_route=%2Fwp%2Fv2%2Fmedia&parent=3281"}],"wp:term":[{"taxonomy":"category","embeddable":true,"href":"https:\/\/mommas.junselebyar.se\/wp\/index.php?rest_route=%2Fwp%2Fv2%2Fcategories&post=3281"},{"taxonomy":"post_tag","embeddable":true,"href":"https:\/\/mommas.junselebyar.se\/wp\/index.php?rest_route=%2Fwp%2Fv2%2Ftags&post=3281"}],"curies":[{"name":"wp","href":"https:\/\/api.w.org\/{rel}","templated":true}]}}