{"id":3309,"date":"2011-07-08T21:04:23","date_gmt":"2011-07-08T19:04:23","guid":{"rendered":"http:\/\/vildavastra.se\/mommasblogg\/?p=3309"},"modified":"2011-07-08T21:04:23","modified_gmt":"2011-07-08T19:04:23","slug":"sommarfest-kalas","status":"publish","type":"post","link":"https:\/\/mommas.junselebyar.se\/wp\/?p=3309","title":{"rendered":"Sommarfest &#8211; Kalas."},"content":{"rendered":"<div class=\"mceTemp\">\n<figure id=\"attachment_3316\" aria-describedby=\"caption-attachment-3316\" style=\"width: 420px\" class=\"wp-caption alignleft\"><a href=\"http:\/\/vildavastra.se\/mommasblogg\/wp-content\/uploads\/2011\/07\/100_2507-hund.jpg\"><img loading=\"lazy\" decoding=\"async\" class=\"size-medium wp-image-3316\" title=\"100_2507 hund\" src=\"http:\/\/vildavastra.se\/mommasblogg\/wp-content\/uploads\/2011\/07\/100_2507-hund-420x315.jpg\" alt=\"Tuva vill ocks\u00e5 vara med.\" width=\"420\" height=\"315\" \/><\/a><figcaption id=\"caption-attachment-3316\" class=\"wp-caption-text\">Tuva vill ocks\u00e5 vara med.<\/figcaption><\/figure>\n<dl id=\"attachment_3314\" class=\"wp-caption alignleft\" style=\"width: 430px;\">\n<dt class=\"wp-caption-dt\"><a href=\"http:\/\/vildavastra.se\/mommasblogg\/wp-content\/uploads\/2011\/07\/100_2500-madde1.jpg\"><img loading=\"lazy\" decoding=\"async\" class=\"size-medium wp-image-3314\" title=\"100_2500 madde\" src=\"http:\/\/vildavastra.se\/mommasblogg\/wp-content\/uploads\/2011\/07\/100_2500-madde1-420x315.jpg\" alt=\"Madde 45 \u00e5r. med nyfikna barn\" width=\"420\" height=\"315\" \/><\/a><\/dt>\n<dd class=\"wp-caption-dd\">Madde 45 \u00e5r. med nyfikna barn<\/dd>\n<\/dl>\n<\/div>\n<p>Traditionen lever vidare i v\u00e5r familj, fast familjemedlemmarna\u00a0 har blivit flera och \u00e4r spridda \u00f6ver landet,s\u00e5 f\u00f6rs\u00f6ker vi \u00e4nd\u00e5\u00a0 tr\u00e4ffas. Som ig\u00e5r n\u00e4r vi firade\u00a0\u00a0Madeleines 45 \u00e5rsdag. P\u00e5 sommaren\u00a0 blir det f\u00f6r det mesta hos oss i Holafors som\u00a0blir platsen\u00a0\u00a0f\u00f6r sommarfesten. Det \u00e4r vi sj\u00e4lvklart b\u00e5de glad och tacksam \u00f6ver.S\u00e5 l\u00e4nge vi orkar bo kvar, h\u00e4nger vi med. V\u00e5r familj best\u00e5r nu av 34 pers. 23 kunde komma. Vi fick en h\u00e4rlig dag , med sol och v\u00e4rme, god mat, jordgubbar och glass,\u00a0kaffe t\u00e5rta, samt allt annat som h\u00f6r till.Sju glada barn, tv\u00e5 hundar underh\u00f6ll oss\u00a0 med glada skratt spring och stoj till sena kv\u00e4llen. T\u00e4nk det var ocks\u00e5 myggfritt vilket \u00e4r ovanligt.Kan bara sammanfatta allt med : &#8221;En s\u00e5n dag&#8221;.\u00a0 Innan vi\u00a0 m\u00e4tta n\u00f6jda upprymda tr\u00f6tta \u00a0men lyckliga skildes \u00e5t ,lovade vi varann en likadan dag\u00a0 igen \u00a0n\u00e4sta sommar.<\/p>\n<p>Dagens citat: Platsen att vara lycklig \u00e4r h\u00e4r,tiden att vara lycklig \u00e4r nu, s\u00e4ttet att vara lycklig p\u00e5 \u00e4r att g\u00f6ra andra lyckliga.<\/p>\n<p>+27 gr &#8230;\u00a0\u00a0\u00a0\u00a0\u00a0\u00a0\u00a0\u00a0\u00a0\u00a0\u00a0\u00a0\u00a0\u00a0\u00a0\u00a0\u00a0\u00a0\u00a0\u00a0\u00a0\u00a0\u00a0\u00a0\u00a0\u00a0\u00a0\u00a0\u00a0\u00a0\u00a0\u00a0\u00a0\u00a0\u00a0\u00a0\u00a0\u00a0 vi h\u00f6rs &#8230;<\/p>\n","protected":false},"excerpt":{"rendered":"<p>Madde 45 \u00e5r. med nyfikna barn Traditionen lever vidare i v\u00e5r familj, fast familjemedlemmarna\u00a0 har blivit flera och \u00e4r spridda \u00f6ver landet,s\u00e5 f\u00f6rs\u00f6ker vi \u00e4nd\u00e5\u00a0 tr\u00e4ffas. Som ig\u00e5r n\u00e4r vi firade\u00a0\u00a0Madeleines 45 \u00e5rsdag. P\u00e5 sommaren\u00a0 blir det f\u00f6r det mesta hos oss i Holafors som\u00a0blir platsen\u00a0\u00a0f\u00f6r sommarfesten. Det \u00e4r vi sj\u00e4lvklart b\u00e5de glad och tacksam &hellip; <a href=\"https:\/\/mommas.junselebyar.se\/wp\/?p=3309\" class=\"more-link\">Forts\u00e4tt l\u00e4sa <span class=\"screen-reader-text\">Sommarfest &#8211; Kalas.<\/span> <span class=\"meta-nav\">&rarr;<\/span><\/a><\/p>\n","protected":false},"author":3,"featured_media":0,"comment_status":"open","ping_status":"closed","sticky":false,"template":"","format":"standard","meta":{"footnotes":""},"categories":[4],"tags":[],"class_list":["post-3309","post","type-post","status-publish","format-standard","hentry","category-fran-holafors"],"_links":{"self":[{"href":"https:\/\/mommas.junselebyar.se\/wp\/index.php?rest_route=\/wp\/v2\/posts\/3309","targetHints":{"allow":["GET"]}}],"collection":[{"href":"https:\/\/mommas.junselebyar.se\/wp\/index.php?rest_route=\/wp\/v2\/posts"}],"about":[{"href":"https:\/\/mommas.junselebyar.se\/wp\/index.php?rest_route=\/wp\/v2\/types\/post"}],"author":[{"embeddable":true,"href":"https:\/\/mommas.junselebyar.se\/wp\/index.php?rest_route=\/wp\/v2\/users\/3"}],"replies":[{"embeddable":true,"href":"https:\/\/mommas.junselebyar.se\/wp\/index.php?rest_route=%2Fwp%2Fv2%2Fcomments&post=3309"}],"version-history":[{"count":0,"href":"https:\/\/mommas.junselebyar.se\/wp\/index.php?rest_route=\/wp\/v2\/posts\/3309\/revisions"}],"wp:attachment":[{"href":"https:\/\/mommas.junselebyar.se\/wp\/index.php?rest_route=%2Fwp%2Fv2%2Fmedia&parent=3309"}],"wp:term":[{"taxonomy":"category","embeddable":true,"href":"https:\/\/mommas.junselebyar.se\/wp\/index.php?rest_route=%2Fwp%2Fv2%2Fcategories&post=3309"},{"taxonomy":"post_tag","embeddable":true,"href":"https:\/\/mommas.junselebyar.se\/wp\/index.php?rest_route=%2Fwp%2Fv2%2Ftags&post=3309"}],"curies":[{"name":"wp","href":"https:\/\/api.w.org\/{rel}","templated":true}]}}