{"id":3330,"date":"2011-07-16T15:49:29","date_gmt":"2011-07-16T13:49:29","guid":{"rendered":"http:\/\/vildavastra.se\/mommasblogg\/?p=3330"},"modified":"2011-07-16T15:49:29","modified_gmt":"2011-07-16T13:49:29","slug":"kanslor","status":"publish","type":"post","link":"https:\/\/mommas.junselebyar.se\/wp\/?p=3330","title":{"rendered":"K\u00e4nslor"},"content":{"rendered":"<figure id=\"attachment_3335\" aria-describedby=\"caption-attachment-3335\" style=\"width: 420px\" class=\"wp-caption alignleft\"><a href=\"http:\/\/vildavastra.se\/mommasblogg\/wp-content\/uploads\/2011\/07\/FEST-002.jpg\"><img loading=\"lazy\" decoding=\"async\" class=\"size-medium wp-image-3335\" title=\"FEST 002\" src=\"http:\/\/vildavastra.se\/mommasblogg\/wp-content\/uploads\/2011\/07\/FEST-002-420x315.jpg\" alt=\"V\u00e5ra v\u00e4nner Anna och Harry sommaren 2010\" width=\"420\" height=\"315\" \/><\/a><figcaption id=\"caption-attachment-3335\" class=\"wp-caption-text\">V\u00e5ra v\u00e4nner Anna och Harry sommaren 2010<\/figcaption><\/figure>\n<p>T\u00e4nk vad en och samma dag kan inneh\u00e5lla m\u00e5nga k\u00e4nslor. GL\u00c4DJE \u00f6ver att f\u00e5 \u00e5ka och gratta ett barnbarn som fyller \u00e5r. Amanda fyller 16 \u00e5r, dagen innan fyllde Gustaf 19 och vi f\u00e5r vara med och fira. Se deras gl\u00e4jde n\u00e4r vi kommer med paket,v\u00e4rlden f\u00f6r\u00e4ndras varje dag, \u00e4ven v\u00e5r familj, men \u00e4n finns vi kvar och kan gl\u00e4dja. SORG \u00f6ver att v\u00e5ra v\u00e4nner fr\u00e5n Solna, som vi k\u00e4nt och umg\u00e5tts med i \u00f6ver 30 \u00e5r, inte orkade stanna kvar i sin lilla stuga, utan att de\u00a0efter en vecka m\u00e5ste \u00e5ka hem ig\u00e5r. Anna 83 och Harry snart 90 \u00e5r. En epok \u00e4r \u00f6ver, k\u00e4nns tungt men\u00a0 vi hj\u00e4lpte dem med att l\u00e5sa och g\u00f6ra i ordning istugan inf\u00f6r n\u00e4sta sommar. Fast vi b\u00e5da vet att det inte blir flera sommrar, s\u00e5 l\u00e5ter vi hoppet finnas om att f\u00e5 ses igen.\u00a0LYCKAN \u00f6ver att f\u00e5 tr\u00e4ffa v\u00e5rt senaste banbarnsbarn 3 veckor. En liten namnl\u00f6s kille, som ska f\u00f6ra sl\u00e4kten vidare. Vi \u00f6nskar honom och hans strorebror Gusten med f\u00f6r\u00e4ldrar all lycka i livet.<\/p>\n<p>Dagens citat: Alla m\u00e4nniskor vi m\u00f6ter har n\u00e5gonting att l\u00e4ra oss &#8211; om vi vill det.<\/p>\n<p>+ 19 gr&#8230; vi h\u00f6rs &#8230;<\/p>\n","protected":false},"excerpt":{"rendered":"<p>T\u00e4nk vad en och samma dag kan inneh\u00e5lla m\u00e5nga k\u00e4nslor. GL\u00c4DJE \u00f6ver att f\u00e5 \u00e5ka och gratta ett barnbarn som fyller \u00e5r. Amanda fyller 16 \u00e5r, dagen innan fyllde Gustaf 19 och vi f\u00e5r vara med och fira. Se deras gl\u00e4jde n\u00e4r vi kommer med paket,v\u00e4rlden f\u00f6r\u00e4ndras varje dag, \u00e4ven v\u00e5r familj, men \u00e4n finns &hellip; <a href=\"https:\/\/mommas.junselebyar.se\/wp\/?p=3330\" class=\"more-link\">Forts\u00e4tt l\u00e4sa <span class=\"screen-reader-text\">K\u00e4nslor<\/span> <span class=\"meta-nav\">&rarr;<\/span><\/a><\/p>\n","protected":false},"author":3,"featured_media":0,"comment_status":"open","ping_status":"closed","sticky":false,"template":"","format":"standard","meta":{"footnotes":""},"categories":[4],"tags":[],"class_list":["post-3330","post","type-post","status-publish","format-standard","hentry","category-fran-holafors"],"_links":{"self":[{"href":"https:\/\/mommas.junselebyar.se\/wp\/index.php?rest_route=\/wp\/v2\/posts\/3330","targetHints":{"allow":["GET"]}}],"collection":[{"href":"https:\/\/mommas.junselebyar.se\/wp\/index.php?rest_route=\/wp\/v2\/posts"}],"about":[{"href":"https:\/\/mommas.junselebyar.se\/wp\/index.php?rest_route=\/wp\/v2\/types\/post"}],"author":[{"embeddable":true,"href":"https:\/\/mommas.junselebyar.se\/wp\/index.php?rest_route=\/wp\/v2\/users\/3"}],"replies":[{"embeddable":true,"href":"https:\/\/mommas.junselebyar.se\/wp\/index.php?rest_route=%2Fwp%2Fv2%2Fcomments&post=3330"}],"version-history":[{"count":0,"href":"https:\/\/mommas.junselebyar.se\/wp\/index.php?rest_route=\/wp\/v2\/posts\/3330\/revisions"}],"wp:attachment":[{"href":"https:\/\/mommas.junselebyar.se\/wp\/index.php?rest_route=%2Fwp%2Fv2%2Fmedia&parent=3330"}],"wp:term":[{"taxonomy":"category","embeddable":true,"href":"https:\/\/mommas.junselebyar.se\/wp\/index.php?rest_route=%2Fwp%2Fv2%2Fcategories&post=3330"},{"taxonomy":"post_tag","embeddable":true,"href":"https:\/\/mommas.junselebyar.se\/wp\/index.php?rest_route=%2Fwp%2Fv2%2Ftags&post=3330"}],"curies":[{"name":"wp","href":"https:\/\/api.w.org\/{rel}","templated":true}]}}