{"id":3406,"date":"2011-08-10T10:00:18","date_gmt":"2011-08-10T08:00:18","guid":{"rendered":"http:\/\/vildavastra.se\/mommasblogg\/?p=3406"},"modified":"2011-08-10T10:00:18","modified_gmt":"2011-08-10T08:00:18","slug":"sommaren-2011","status":"publish","type":"post","link":"https:\/\/mommas.junselebyar.se\/wp\/?p=3406","title":{"rendered":"Sommaren 2011"},"content":{"rendered":"<p><a href=\"http:\/\/vildavastra.se\/mommasblogg\/wp-content\/uploads\/2011\/08\/100_2541-jag.jpg\"><img loading=\"lazy\" decoding=\"async\" class=\"alignleft size-medium wp-image-3411\" title=\"100_2541 jag\" src=\"http:\/\/vildavastra.se\/mommasblogg\/wp-content\/uploads\/2011\/08\/100_2541-jag-420x315.jpg\" alt=\"100_2541 jag\" width=\"420\" height=\"315\" \/><\/a><a href=\"http:\/\/vildavastra.se\/mommasblogg\/wp-content\/uploads\/2011\/08\/100_2553-kjell.jpg\"><img loading=\"lazy\" decoding=\"async\" class=\"alignleft size-medium wp-image-3412\" title=\"100_2553 kjell\" src=\"http:\/\/vildavastra.se\/mommasblogg\/wp-content\/uploads\/2011\/08\/100_2553-kjell-420x315.jpg\" alt=\"100_2553 kjell\" width=\"420\" height=\"315\" \/><\/a>Sommaren vart tog du v\u00e4gen? Som vi hade l\u00e4ngtat. Hela vintern och v\u00e5ren, har vi l\u00e4ngtat efter solen och v\u00e4rmensom skulle g\u00f6ra v\u00e5ra gamla onda kroppar gott. S\u00e5 kom du, vi tog varenda dag timme minut i tillf\u00e4lle f\u00f6r att sitta ute njuta av allt det vackra du gav. Men som ormen i paradiset\u00a0 kom ocks\u00e5 ett diskbr\u00e5ck p\u00e5 bes\u00f6k i Kjells rygg och en tarminfektion i min mage. Inga direkt livsfarliga \u00e5kommor, men vi blev \u00e4nd\u00e5 tvungna att h\u00e5lla oss hemmavid. \u00c4r nu p\u00e5 b\u00e4ttringsv\u00e4gen, men sommaren och dess aktiviteter v\u00e4ntade inte p\u00e5 oss. Men, det \u00e4r bara\u00a0 att ta nya tag, hoppas p\u00e5 en inte allt f\u00f6r sv\u00e5r vinter. Ta en dag i taget och lita p\u00e5 att v\u00e5ra kroppar h\u00e5ller. F\u00f6r att lika s\u00e4kert som att \u00e5lderdomen kommer , s\u00e5 kommer det en ny sommar n\u00e4sta \u00e5r. Den som lever f\u00e5r se, sa de gamle och s\u00e5 \u00e4r det nog.<\/p>\n<p>Dagens citat :\u00a0\u00a0 T\u00e5lamod \u00e4r en gudomlig egenskap.Utan t\u00e5lamod kan vi inte njuta av nuet eller v\u00e4xa och l\u00e4ra oss.<\/p>\n<p>+ 15 gr&#8230;\u00a0\u00a0\u00a0\u00a0\u00a0\u00a0\u00a0\u00a0\u00a0\u00a0\u00a0\u00a0\u00a0\u00a0\u00a0\u00a0\u00a0\u00a0\u00a0\u00a0\u00a0\u00a0\u00a0\u00a0\u00a0\u00a0\u00a0\u00a0\u00a0\u00a0\u00a0\u00a0\u00a0\u00a0\u00a0\u00a0\u00a0\u00a0\u00a0\u00a0\u00a0\u00a0\u00a0\u00a0\u00a0\u00a0\u00a0\u00a0\u00a0\u00a0\u00a0\u00a0\u00a0\u00a0\u00a0\u00a0\u00a0 vi h\u00f6rs&#8230;<\/p>\n","protected":false},"excerpt":{"rendered":"<p>Sommaren vart tog du v\u00e4gen? Som vi hade l\u00e4ngtat. Hela vintern och v\u00e5ren, har vi l\u00e4ngtat efter solen och v\u00e4rmensom skulle g\u00f6ra v\u00e5ra gamla onda kroppar gott. S\u00e5 kom du, vi tog varenda dag timme minut i tillf\u00e4lle f\u00f6r att sitta ute njuta av allt det vackra du gav. Men som ormen i paradiset\u00a0 kom &hellip; <a href=\"https:\/\/mommas.junselebyar.se\/wp\/?p=3406\" class=\"more-link\">Forts\u00e4tt l\u00e4sa <span class=\"screen-reader-text\">Sommaren 2011<\/span> <span class=\"meta-nav\">&rarr;<\/span><\/a><\/p>\n","protected":false},"author":3,"featured_media":0,"comment_status":"open","ping_status":"closed","sticky":false,"template":"","format":"standard","meta":{"footnotes":""},"categories":[4],"tags":[],"class_list":["post-3406","post","type-post","status-publish","format-standard","hentry","category-fran-holafors"],"_links":{"self":[{"href":"https:\/\/mommas.junselebyar.se\/wp\/index.php?rest_route=\/wp\/v2\/posts\/3406","targetHints":{"allow":["GET"]}}],"collection":[{"href":"https:\/\/mommas.junselebyar.se\/wp\/index.php?rest_route=\/wp\/v2\/posts"}],"about":[{"href":"https:\/\/mommas.junselebyar.se\/wp\/index.php?rest_route=\/wp\/v2\/types\/post"}],"author":[{"embeddable":true,"href":"https:\/\/mommas.junselebyar.se\/wp\/index.php?rest_route=\/wp\/v2\/users\/3"}],"replies":[{"embeddable":true,"href":"https:\/\/mommas.junselebyar.se\/wp\/index.php?rest_route=%2Fwp%2Fv2%2Fcomments&post=3406"}],"version-history":[{"count":0,"href":"https:\/\/mommas.junselebyar.se\/wp\/index.php?rest_route=\/wp\/v2\/posts\/3406\/revisions"}],"wp:attachment":[{"href":"https:\/\/mommas.junselebyar.se\/wp\/index.php?rest_route=%2Fwp%2Fv2%2Fmedia&parent=3406"}],"wp:term":[{"taxonomy":"category","embeddable":true,"href":"https:\/\/mommas.junselebyar.se\/wp\/index.php?rest_route=%2Fwp%2Fv2%2Fcategories&post=3406"},{"taxonomy":"post_tag","embeddable":true,"href":"https:\/\/mommas.junselebyar.se\/wp\/index.php?rest_route=%2Fwp%2Fv2%2Ftags&post=3406"}],"curies":[{"name":"wp","href":"https:\/\/api.w.org\/{rel}","templated":true}]}}