{"id":3415,"date":"2011-08-12T06:36:24","date_gmt":"2011-08-12T04:36:24","guid":{"rendered":"http:\/\/vildavastra.se\/mommasblogg\/?p=3415"},"modified":"2011-08-12T06:36:24","modified_gmt":"2011-08-12T04:36:24","slug":"valviken","status":"publish","type":"post","link":"https:\/\/mommas.junselebyar.se\/wp\/?p=3415","title":{"rendered":"Valviken"},"content":{"rendered":"<p>I g\u00e5r blev jag\u00a0, Kjell och min bror Hans-Ingvar inbjudna till Jonnie p\u00e5 en liten &#8221;f\u00f6rhandsinvigning&#8221; av hans nya altan p\u00e5 Valviken. En ny liten p\u00e4rla p\u00e5 v\u00e5rt sommarp\u00e4rlband, som i \u00e5r inte blev s\u00e5 l\u00e5ngt. P\u00e5 Valviken har Jonnie skapat ett litet paradis f\u00f6r sig och\u00a0sin familj. Det har tagit n\u00e5gra \u00e5r, fr\u00e5n en helt slyigenv\u00e4xt tomt till dagens resultat.\u00a0 En helt underbar utsikt breder ut sig framf\u00f6r v\u00e5ra \u00f6gon med Betarsj\u00f6n nedanf\u00f6r och p\u00e5 andra sidan sj\u00f6n klipporna med de nyuppt\u00e4ckta klippm\u00e5lningarna. Vilka var dessa m\u00e4nniskor som f\u00f6r flera tusen \u00e5r sedan levde och verkade i denna underbara natur. Fr\u00e5gorna och funderingarna blir m\u00e5nga, n\u00e4r lugnet och stillheten breder ut sig \u00f6ver sj\u00f6n. De \u00f6vriga sommarg\u00e4stern i sina stugor har \u00e5kt hem f\u00f6r i sommar, men Madeleine och Tomas som har sitt paradis inte\u00a0s\u00e5 l\u00e5ngt h\u00e4rifr\u00e5n, \u00e4r kvar och jobbar p\u00e5 sin tomt. S\u00e5 efter en god fika \u00e5ker vi vidare till deras st\u00e4lle f\u00f6r en titt.Tacksamma \u00e5ker vi sedan hem\u00e5t\u00a0 med en k\u00e4nsla av gl\u00e4dje och ro i sj\u00e4len. Tacksamma \u00e4ven \u00f6ver alla tidigare \u00e5r vi f\u00e5tt uppleva d\u00e4r med barn och barnbarn.<\/p>\n<p>Dagens citat : Att v\u00e4lja gl\u00e4dje \u00e4r klokt.<\/p>\n<figure id=\"attachment_3418\" aria-describedby=\"caption-attachment-3418\" style=\"width: 420px\" class=\"wp-caption alignleft\"><a href=\"http:\/\/vildavastra.se\/mommasblogg\/wp-content\/uploads\/2011\/08\/100_2568-kjelloch-hi.jpg\"><img loading=\"lazy\" decoding=\"async\" class=\"size-medium wp-image-3418\" title=\"100_2568 kjelloch hi\" src=\"http:\/\/vildavastra.se\/mommasblogg\/wp-content\/uploads\/2011\/08\/100_2568-kjelloch-hi-420x315.jpg\" alt=\"Kjell och H_I beundrar utsikten\" width=\"420\" height=\"315\" \/><\/a><figcaption id=\"caption-attachment-3418\" class=\"wp-caption-text\">Kjell och H_I beundrar utsikten<\/figcaption><\/figure>\n<figure id=\"attachment_3419\" aria-describedby=\"caption-attachment-3419\" style=\"width: 420px\" class=\"wp-caption alignleft\"><a href=\"http:\/\/vildavastra.se\/mommasblogg\/wp-content\/uploads\/2011\/08\/100_2571-fika.jpg\"><img loading=\"lazy\" decoding=\"async\" class=\"size-medium wp-image-3419\" title=\"100_2571 fika\" src=\"http:\/\/vildavastra.se\/mommasblogg\/wp-content\/uploads\/2011\/08\/100_2571-fika-420x315.jpg\" alt=\"En fika p\u00e5 nya altanen\" width=\"420\" height=\"315\" \/><\/a><figcaption id=\"caption-attachment-3419\" class=\"wp-caption-text\">En fika p\u00e5 nya altanen<\/figcaption><\/figure>\n<p>G\u00f6r vad du kan f\u00f6r att v\u00e4lja och sprida gl\u00e4dje idag.<\/p>\n<p>+3gr &#8230;\u00a0\u00a0\u00a0\u00a0\u00a0\u00a0\u00a0\u00a0\u00a0\u00a0\u00a0\u00a0\u00a0\u00a0\u00a0\u00a0\u00a0\u00a0\u00a0\u00a0\u00a0\u00a0\u00a0\u00a0\u00a0\u00a0\u00a0\u00a0\u00a0\u00a0\u00a0\u00a0\u00a0\u00a0\u00a0\u00a0\u00a0\u00a0\u00a0\u00a0\u00a0 vi h\u00f6rs&#8230;<\/p>\n","protected":false},"excerpt":{"rendered":"<p>I g\u00e5r blev jag\u00a0, Kjell och min bror Hans-Ingvar inbjudna till Jonnie p\u00e5 en liten &#8221;f\u00f6rhandsinvigning&#8221; av hans nya altan p\u00e5 Valviken. En ny liten p\u00e4rla p\u00e5 v\u00e5rt sommarp\u00e4rlband, som i \u00e5r inte blev s\u00e5 l\u00e5ngt. P\u00e5 Valviken har Jonnie skapat ett litet paradis f\u00f6r sig och\u00a0sin familj. Det har tagit n\u00e5gra \u00e5r, fr\u00e5n en &hellip; <a href=\"https:\/\/mommas.junselebyar.se\/wp\/?p=3415\" class=\"more-link\">Forts\u00e4tt l\u00e4sa <span class=\"screen-reader-text\">Valviken<\/span> <span class=\"meta-nav\">&rarr;<\/span><\/a><\/p>\n","protected":false},"author":3,"featured_media":0,"comment_status":"open","ping_status":"closed","sticky":false,"template":"","format":"standard","meta":{"footnotes":""},"categories":[4],"tags":[],"class_list":["post-3415","post","type-post","status-publish","format-standard","hentry","category-fran-holafors"],"_links":{"self":[{"href":"https:\/\/mommas.junselebyar.se\/wp\/index.php?rest_route=\/wp\/v2\/posts\/3415","targetHints":{"allow":["GET"]}}],"collection":[{"href":"https:\/\/mommas.junselebyar.se\/wp\/index.php?rest_route=\/wp\/v2\/posts"}],"about":[{"href":"https:\/\/mommas.junselebyar.se\/wp\/index.php?rest_route=\/wp\/v2\/types\/post"}],"author":[{"embeddable":true,"href":"https:\/\/mommas.junselebyar.se\/wp\/index.php?rest_route=\/wp\/v2\/users\/3"}],"replies":[{"embeddable":true,"href":"https:\/\/mommas.junselebyar.se\/wp\/index.php?rest_route=%2Fwp%2Fv2%2Fcomments&post=3415"}],"version-history":[{"count":0,"href":"https:\/\/mommas.junselebyar.se\/wp\/index.php?rest_route=\/wp\/v2\/posts\/3415\/revisions"}],"wp:attachment":[{"href":"https:\/\/mommas.junselebyar.se\/wp\/index.php?rest_route=%2Fwp%2Fv2%2Fmedia&parent=3415"}],"wp:term":[{"taxonomy":"category","embeddable":true,"href":"https:\/\/mommas.junselebyar.se\/wp\/index.php?rest_route=%2Fwp%2Fv2%2Fcategories&post=3415"},{"taxonomy":"post_tag","embeddable":true,"href":"https:\/\/mommas.junselebyar.se\/wp\/index.php?rest_route=%2Fwp%2Fv2%2Ftags&post=3415"}],"curies":[{"name":"wp","href":"https:\/\/api.w.org\/{rel}","templated":true}]}}