{"id":3453,"date":"2011-08-23T19:22:39","date_gmt":"2011-08-23T17:22:39","guid":{"rendered":"http:\/\/vildavastra.se\/mommasblogg\/?p=3453"},"modified":"2011-08-23T19:22:39","modified_gmt":"2011-08-23T17:22:39","slug":"vintervarme","status":"publish","type":"post","link":"https:\/\/mommas.junselebyar.se\/wp\/?p=3453","title":{"rendered":"Vinterv\u00e4rme."},"content":{"rendered":"<figure id=\"attachment_3456\" aria-describedby=\"caption-attachment-3456\" style=\"width: 420px\" class=\"wp-caption alignleft\"><a href=\"http:\/\/vildavastra.se\/mommasblogg\/wp-content\/uploads\/2011\/08\/100_2601-pellets.jpg\"><img loading=\"lazy\" decoding=\"async\" class=\"size-medium wp-image-3456\" title=\"100_2601 pellets\" src=\"http:\/\/vildavastra.se\/mommasblogg\/wp-content\/uploads\/2011\/08\/100_2601-pellets-420x315.jpg\" alt=\"Pelletsbilen\" width=\"420\" height=\"315\" \/><\/a><figcaption id=\"caption-attachment-3456\" class=\"wp-caption-text\">Pelletsbilen<\/figcaption><\/figure>\n<figure id=\"attachment_3457\" aria-describedby=\"caption-attachment-3457\" style=\"width: 420px\" class=\"wp-caption alignleft\"><a href=\"http:\/\/vildavastra.se\/mommasblogg\/wp-content\/uploads\/2011\/08\/100_2603-mor.jpg\"><img loading=\"lazy\" decoding=\"async\" class=\"size-medium wp-image-3457\" title=\"100_2603 mor\" src=\"http:\/\/vildavastra.se\/mommasblogg\/wp-content\/uploads\/2011\/08\/100_2603-mor-420x315.jpg\" alt=\"Mo p\u00e5 vedbacken m\u00e5lad av mig.\" width=\"420\" height=\"315\" \/><\/a><figcaption id=\"caption-attachment-3457\" class=\"wp-caption-text\">Mo p\u00e5 vedbacken m\u00e5lad av mig.<\/figcaption><\/figure>\n<p>I\u00a0dag kom Pelletsbilen\u00a0 med pellets f\u00f6r kommande vinter.Enkelt och sm\u00e4rtfritt, b\u00e5stes pelletsen ner i f\u00f6r\u00e5det. Nu \u00e4r det bara att fylla p\u00e5 i pannanoch njuta av en sk\u00f6n v\u00e4rme n\u00e4r vinterkylan kommer smygande. Annat var det f\u00f6rr, n\u00e4r vinterveden skulle iordningsst\u00e4llas. Jag minns min mor, hon stod p\u00e5 vedbackenvarje dag,\u00a0s\u00e5gade ved med b\u00e5gs\u00e5g mitt i kalla vintern. Vi barn bar in veden som var&#8221;sur&#8221; staplade den i utrymmet under spisen f\u00f6r att torkas. Pappa var inlagd p\u00e5 \u00d6ster\u00e5sens sanatorium. M\u00e5nga t\u00e5rar f\u00e4lldes av mor den vintern. Men vi beh\u00f6vde inte frysa d\u00e5 heller, men va det har f\u00f6r\u00e4ndrats p\u00e5 ett halvt sekel, till det b\u00e4ttre eller ?\u00a0 Ekonomin styr nu\u00a0\u00f6ver det val av\u00a0 v\u00e4rmek\u00e4lla som v\u00e4ljs..<\/p>\n<p>Dagens citat : Det \u00e4r viktigt att prioritera och avs\u00e4tta tid till det som \u00e4r viktigt i v\u00e5ra liv.<\/p>\n<p>+ 24 gr&#8230;\u00a0\u00a0\u00a0\u00a0\u00a0\u00a0\u00a0\u00a0\u00a0\u00a0\u00a0\u00a0\u00a0\u00a0\u00a0\u00a0\u00a0\u00a0\u00a0 vi h\u00f6rs&#8230;<\/p>\n","protected":false},"excerpt":{"rendered":"<p>I\u00a0dag kom Pelletsbilen\u00a0 med pellets f\u00f6r kommande vinter.Enkelt och sm\u00e4rtfritt, b\u00e5stes pelletsen ner i f\u00f6r\u00e5det. Nu \u00e4r det bara att fylla p\u00e5 i pannanoch njuta av en sk\u00f6n v\u00e4rme n\u00e4r vinterkylan kommer smygande. Annat var det f\u00f6rr, n\u00e4r vinterveden skulle iordningsst\u00e4llas. Jag minns min mor, hon stod p\u00e5 vedbackenvarje dag,\u00a0s\u00e5gade ved med b\u00e5gs\u00e5g mitt i &hellip; <a href=\"https:\/\/mommas.junselebyar.se\/wp\/?p=3453\" class=\"more-link\">Forts\u00e4tt l\u00e4sa <span class=\"screen-reader-text\">Vinterv\u00e4rme.<\/span> <span class=\"meta-nav\">&rarr;<\/span><\/a><\/p>\n","protected":false},"author":3,"featured_media":0,"comment_status":"open","ping_status":"closed","sticky":false,"template":"","format":"standard","meta":{"footnotes":""},"categories":[4],"tags":[],"class_list":["post-3453","post","type-post","status-publish","format-standard","hentry","category-fran-holafors"],"_links":{"self":[{"href":"https:\/\/mommas.junselebyar.se\/wp\/index.php?rest_route=\/wp\/v2\/posts\/3453","targetHints":{"allow":["GET"]}}],"collection":[{"href":"https:\/\/mommas.junselebyar.se\/wp\/index.php?rest_route=\/wp\/v2\/posts"}],"about":[{"href":"https:\/\/mommas.junselebyar.se\/wp\/index.php?rest_route=\/wp\/v2\/types\/post"}],"author":[{"embeddable":true,"href":"https:\/\/mommas.junselebyar.se\/wp\/index.php?rest_route=\/wp\/v2\/users\/3"}],"replies":[{"embeddable":true,"href":"https:\/\/mommas.junselebyar.se\/wp\/index.php?rest_route=%2Fwp%2Fv2%2Fcomments&post=3453"}],"version-history":[{"count":0,"href":"https:\/\/mommas.junselebyar.se\/wp\/index.php?rest_route=\/wp\/v2\/posts\/3453\/revisions"}],"wp:attachment":[{"href":"https:\/\/mommas.junselebyar.se\/wp\/index.php?rest_route=%2Fwp%2Fv2%2Fmedia&parent=3453"}],"wp:term":[{"taxonomy":"category","embeddable":true,"href":"https:\/\/mommas.junselebyar.se\/wp\/index.php?rest_route=%2Fwp%2Fv2%2Fcategories&post=3453"},{"taxonomy":"post_tag","embeddable":true,"href":"https:\/\/mommas.junselebyar.se\/wp\/index.php?rest_route=%2Fwp%2Fv2%2Ftags&post=3453"}],"curies":[{"name":"wp","href":"https:\/\/api.w.org\/{rel}","templated":true}]}}