{"id":3487,"date":"2011-09-04T10:33:17","date_gmt":"2011-09-04T08:33:17","guid":{"rendered":"http:\/\/vildavastra.se\/mommasblogg\/?p=3487"},"modified":"2011-09-04T10:33:17","modified_gmt":"2011-09-04T08:33:17","slug":"egen-dag","status":"publish","type":"post","link":"https:\/\/mommas.junselebyar.se\/wp\/?p=3487","title":{"rendered":"Egen dag ?"},"content":{"rendered":"<p>Vi skulle ha en egen dag ig\u00e5r Kjell och jag. L\u00e4ngesedan sist, sjukdagar med Kjell p\u00e5 sjukhus r\u00e4knas inte. Men nu skulle sonen och Kjell ha en pappa dag, som ocks\u00e5 blivit sporadisk dom senaste \u00e5ren p.ga. diverse orsaker. Dom skulle g\u00f6ra en heldag i Sundsvall. Men jag d\u00e5 ?Det \u00e4r ju jag som varit &#8221;borta&#8221;, \u00e5kt landet runt medan Kjell varit hemma. Jag hade best\u00e4mt att hemma skulle jag va, inte \u00e5ka iv\u00e4g n\u00e5nstans. Ska jag st\u00e4da , det brukade Kjell g\u00f6ra n\u00e4r jag var borta.\u00a0 N\u00e4e.\u00a0Kanske s\u00e4tta mig sk\u00f6nt, plocka fram n\u00e5tt gott, l\u00e4sa boken f\u00e4rdigt jag b\u00f6rjat p\u00e5. N\u00e4e. Badkaret har vi kastat ut annars kunde jag tagit ett sk\u00f6nt bad. Vad g\u00f6r jag? Jagbakar,\u00a0 150 st kanelbullar. N\u00e4r jag \u00e4nd\u00e5 \u00e4r ig\u00e5ng,\u00a0 f\u00e5rdet bli 30 st. sm\u00e5 pizzor som barnbarnen \u00e4lskar. L\u00e4gger en fryst k\u00f6ttbit i micron, av den blir det nog engod \u00e4lgstroganof\u00a0.N\u00e5gra \u00e4pplen ligger i fruksk\u00e5len lagomt skrynkliga\u00a0 tillsammans med n\u00e5gra p\u00e4ron. Jag g\u00f6r en \u00e4ppelkaka s\u00e5 klart, en p\u00e4ron och \u00e4ppelpaj\u00a0 var det l\u00e4ngesen jag gjorde, det fick bli en s\u00e5n ocks\u00e5. Dags att ta hand om k\u00f6ttet , av 1 kg. blev det en redig stroganof. Nu \u00e5terst\u00e5r det att diska, st\u00e4da undan, paketera och frysa in. Pustande tar jag en dusch, byter om s\u00e4tter mig ner med en kopp kaffe och nybakad kanelbulle. Telefonen ringer det \u00e4r yngsta dottern. Ber\u00e4tta vad har du gjort i dag? Ingenting s\u00e4rskilt , jag har bara varit, Va sk\u00f6nt s\u00e4ger hon. Som trebarnsmor och heltidsarbetande\u00a0 \u00f6nskar hon nog ocks\u00e5 en\u00a0 egen dag, men n\u00e5got annorlunda \u00e4n min\u00a0skulle jag tro. Det ringer p\u00e5 d\u00f6rren, Kjell och Jonnie \u00e4r tillbaka, s\u00e5 var\u00a0v\u00e5r &#8221;fridag&#8221; till \u00e4nda.<\/p>\n<p>Dagens citat : Det finns inga felaktiga val, endast omv\u00e4gar till lycka och harmoni.<\/p>\n<p>+ 16 gr &#8230;\u00a0\u00a0\u00a0\u00a0\u00a0\u00a0\u00a0\u00a0\u00a0\u00a0\u00a0\u00a0\u00a0\u00a0\u00a0\u00a0\u00a0\u00a0\u00a0\u00a0\u00a0\u00a0\u00a0\u00a0\u00a0\u00a0\u00a0\u00a0\u00a0\u00a0\u00a0\u00a0\u00a0\u00a0\u00a0\u00a0\u00a0\u00a0\u00a0\u00a0\u00a0\u00a0\u00a0\u00a0\u00a0\u00a0\u00a0\u00a0\u00a0\u00a0\u00a0\u00a0 vi h\u00f6rs &#8230;<\/p>\n","protected":false},"excerpt":{"rendered":"<p>Vi skulle ha en egen dag ig\u00e5r Kjell och jag. L\u00e4ngesedan sist, sjukdagar med Kjell p\u00e5 sjukhus r\u00e4knas inte. Men nu skulle sonen och Kjell ha en pappa dag, som ocks\u00e5 blivit sporadisk dom senaste \u00e5ren p.ga. diverse orsaker. Dom skulle g\u00f6ra en heldag i Sundsvall. Men jag d\u00e5 ?Det \u00e4r ju jag som varit &hellip; <a href=\"https:\/\/mommas.junselebyar.se\/wp\/?p=3487\" class=\"more-link\">Forts\u00e4tt l\u00e4sa <span class=\"screen-reader-text\">Egen dag ?<\/span> <span class=\"meta-nav\">&rarr;<\/span><\/a><\/p>\n","protected":false},"author":3,"featured_media":0,"comment_status":"open","ping_status":"closed","sticky":false,"template":"","format":"standard","meta":{"footnotes":""},"categories":[4],"tags":[],"class_list":["post-3487","post","type-post","status-publish","format-standard","hentry","category-fran-holafors"],"_links":{"self":[{"href":"https:\/\/mommas.junselebyar.se\/wp\/index.php?rest_route=\/wp\/v2\/posts\/3487","targetHints":{"allow":["GET"]}}],"collection":[{"href":"https:\/\/mommas.junselebyar.se\/wp\/index.php?rest_route=\/wp\/v2\/posts"}],"about":[{"href":"https:\/\/mommas.junselebyar.se\/wp\/index.php?rest_route=\/wp\/v2\/types\/post"}],"author":[{"embeddable":true,"href":"https:\/\/mommas.junselebyar.se\/wp\/index.php?rest_route=\/wp\/v2\/users\/3"}],"replies":[{"embeddable":true,"href":"https:\/\/mommas.junselebyar.se\/wp\/index.php?rest_route=%2Fwp%2Fv2%2Fcomments&post=3487"}],"version-history":[{"count":0,"href":"https:\/\/mommas.junselebyar.se\/wp\/index.php?rest_route=\/wp\/v2\/posts\/3487\/revisions"}],"wp:attachment":[{"href":"https:\/\/mommas.junselebyar.se\/wp\/index.php?rest_route=%2Fwp%2Fv2%2Fmedia&parent=3487"}],"wp:term":[{"taxonomy":"category","embeddable":true,"href":"https:\/\/mommas.junselebyar.se\/wp\/index.php?rest_route=%2Fwp%2Fv2%2Fcategories&post=3487"},{"taxonomy":"post_tag","embeddable":true,"href":"https:\/\/mommas.junselebyar.se\/wp\/index.php?rest_route=%2Fwp%2Fv2%2Ftags&post=3487"}],"curies":[{"name":"wp","href":"https:\/\/api.w.org\/{rel}","templated":true}]}}