{"id":3496,"date":"2011-09-08T11:31:39","date_gmt":"2011-09-08T09:31:39","guid":{"rendered":"http:\/\/vildavastra.se\/mommasblogg\/?p=3496"},"modified":"2011-09-08T11:31:39","modified_gmt":"2011-09-08T09:31:39","slug":"host-3","status":"publish","type":"post","link":"https:\/\/mommas.junselebyar.se\/wp\/?p=3496","title":{"rendered":"H\u00f6st."},"content":{"rendered":"<figure id=\"attachment_3502\" aria-describedby=\"caption-attachment-3502\" style=\"width: 420px\" class=\"wp-caption alignleft\"><a href=\"http:\/\/vildavastra.se\/mommasblogg\/wp-content\/uploads\/2011\/09\/100_2611.JPG\"><img loading=\"lazy\" decoding=\"async\" class=\"size-medium wp-image-3502\" title=\"100_2611\" src=\"http:\/\/vildavastra.se\/mommasblogg\/wp-content\/uploads\/2011\/09\/100_2611-420x315.jpg\" alt=\"H\u00f6stdag\" width=\"420\" height=\"315\" \/><\/a><figcaption id=\"caption-attachment-3502\" class=\"wp-caption-text\">H\u00f6stdag<\/figcaption><\/figure>\n<p>H\u00f6sten \u00e4r onekligen h\u00e4r.Sommaren med dess ljuvlighet \u00e4r passerad. T\u00e4nk vad det gick fort. Sommaren blir kortare och kortare ju \u00e4ldre man blir, sa de som var gamla n\u00e4r jag var ung. Inte trodde man p\u00e5 det d\u00e5. Nu \u00e4r vi d\u00e4r sj\u00e4lva Kjell och jag. Nu v\u00e4ntar oss en l\u00e5ng vinter, med en ny l\u00e4ngtan efter en varm h\u00e4rlig sommar. Men \u00e4ven en vetskap om att \u00e5ren f\u00f6rsvinner och vi med dem.T\u00e4nk s\u00e5 m\u00e5nga avslut och beslut vi gjort under v\u00e5rt 60 \u00e5riga \u00e4ktenskap, men det beslut vi nu st\u00e5r inf\u00f6r \u00e4r \u00e4nd\u00e5 det sv\u00e5raste. Det att l\u00e4mna v\u00e5rt k\u00e4ra M\u00e4ltorp f\u00f6r gott.\u00a0 Vi m\u00e5ste bara inse att sn\u00f6skottning , gr\u00e4sklippning m.m. blir f\u00f6r sv\u00e5rt f\u00f6r oss. Vi kommer hem och hj\u00e4lper er s\u00e4ger barnen. Javisst, det vet vi.Men dom har alla sitt.Sommaren har g\u00e5tt, vintern kommer, Kjell har sin ryggv\u00e4rk, sitt d\u00e5liga hj\u00e4rta.m.m. Jag har mina onda ben som hindrar mig, visst skulle det vara sk\u00f6nt att f\u00e5 krypa in i en liten varm modern l\u00e4genhet. Men det \u00e4r inte hemma och 60 \u00e5r \u00e4r en l\u00e5ng tid. Men vi s\u00e4ger som s\u00e5 m\u00e5nga andra : Den som lever f\u00e5r se&#8230;<\/p>\n<p>Dagens citat :Genom att p\u00e5minna oss sj\u00e4lva om att vi har mycket att vara tacksamma \u00f6ver, l\u00e4r vi oss att f\u00f6rst\u00e5 att allt det goda vi har i livet inte \u00e4r sj\u00e4lvklart.<\/p>\n<p>+ 15 gr&#8230; vi h\u00f6rs&#8230;<\/p>\n","protected":false},"excerpt":{"rendered":"<p>H\u00f6sten \u00e4r onekligen h\u00e4r.Sommaren med dess ljuvlighet \u00e4r passerad. T\u00e4nk vad det gick fort. Sommaren blir kortare och kortare ju \u00e4ldre man blir, sa de som var gamla n\u00e4r jag var ung. Inte trodde man p\u00e5 det d\u00e5. Nu \u00e4r vi d\u00e4r sj\u00e4lva Kjell och jag. Nu v\u00e4ntar oss en l\u00e5ng vinter, med en ny &hellip; <a href=\"https:\/\/mommas.junselebyar.se\/wp\/?p=3496\" class=\"more-link\">Forts\u00e4tt l\u00e4sa <span class=\"screen-reader-text\">H\u00f6st.<\/span> <span class=\"meta-nav\">&rarr;<\/span><\/a><\/p>\n","protected":false},"author":3,"featured_media":0,"comment_status":"open","ping_status":"closed","sticky":false,"template":"","format":"standard","meta":{"footnotes":""},"categories":[4],"tags":[],"class_list":["post-3496","post","type-post","status-publish","format-standard","hentry","category-fran-holafors"],"_links":{"self":[{"href":"https:\/\/mommas.junselebyar.se\/wp\/index.php?rest_route=\/wp\/v2\/posts\/3496","targetHints":{"allow":["GET"]}}],"collection":[{"href":"https:\/\/mommas.junselebyar.se\/wp\/index.php?rest_route=\/wp\/v2\/posts"}],"about":[{"href":"https:\/\/mommas.junselebyar.se\/wp\/index.php?rest_route=\/wp\/v2\/types\/post"}],"author":[{"embeddable":true,"href":"https:\/\/mommas.junselebyar.se\/wp\/index.php?rest_route=\/wp\/v2\/users\/3"}],"replies":[{"embeddable":true,"href":"https:\/\/mommas.junselebyar.se\/wp\/index.php?rest_route=%2Fwp%2Fv2%2Fcomments&post=3496"}],"version-history":[{"count":0,"href":"https:\/\/mommas.junselebyar.se\/wp\/index.php?rest_route=\/wp\/v2\/posts\/3496\/revisions"}],"wp:attachment":[{"href":"https:\/\/mommas.junselebyar.se\/wp\/index.php?rest_route=%2Fwp%2Fv2%2Fmedia&parent=3496"}],"wp:term":[{"taxonomy":"category","embeddable":true,"href":"https:\/\/mommas.junselebyar.se\/wp\/index.php?rest_route=%2Fwp%2Fv2%2Fcategories&post=3496"},{"taxonomy":"post_tag","embeddable":true,"href":"https:\/\/mommas.junselebyar.se\/wp\/index.php?rest_route=%2Fwp%2Fv2%2Ftags&post=3496"}],"curies":[{"name":"wp","href":"https:\/\/api.w.org\/{rel}","templated":true}]}}