{"id":5255,"date":"2012-09-21T05:02:12","date_gmt":"2012-09-21T03:02:12","guid":{"rendered":"http:\/\/vildavastra.se\/mommasblogg\/?p=5255"},"modified":"2012-09-21T05:02:12","modified_gmt":"2012-09-21T03:02:12","slug":"snabbvisit","status":"publish","type":"post","link":"https:\/\/mommas.junselebyar.se\/wp\/?p=5255","title":{"rendered":"Snabbvisit&#8230;"},"content":{"rendered":"<p>\u00a0Vi fick ett trevligt oplanerat bes\u00f6k i g\u00e5r, av min &#8221;mentor&#8221; och v\u00e5r\u00a0gemensamme v\u00e4n\u00a0 Knut, som numera bor i Gr\u00e4smark. Det blev n\u00e5gra timmars\u00a0 prat\u00a0om gamla minnen,\u00a0\u00a0 och om nutid.\u00a0 Det var Knut som f\u00f6rde mig in\u00a0 och l\u00e4rde mig grunderna till Mental tr\u00e4ning. Om det har det skrivits spaltmetrar i flera tidningar\u00a0,jag har \u00e4ven skrivit om det i min bok\u00a0 Miraklet. Det b\u00e4sta som\u00a0 d\u00e5 h\u00e4nde mig, var f\u00f6rutom att jag blev fri fr\u00e5n den sm\u00e4rtsamma fibromyalgin, var att jag fick ett sj\u00e4lvf\u00f6rtroende,\u00a0 en f\u00f6rb\u00e4ttad koncentration, livsgl\u00e4dje och kreativitet. Allt detta h\u00e4nde\u00a0 f\u00f6r\u00a0 18 \u00e5r sedan. Tio \u00a0of\u00f6rgl\u00f6mliga arbets\u00e5r fick jag ,innan jag gick i pension.En pension som kunde varit h\u00f6gre,men som jag kan leva med utan bitterhet. Och nu ska vi ju f\u00e5 50 kr i p\u00e5\u00f6kt av\u00a0&#8221; regeringen Borg. &#8221; Allt till det b\u00e4ttre.<\/p>\n<p>Annars har jag\u00a0 bakat bullar idag, fyllt p\u00e5 f\u00f6rr\u00e5det som varit tomt ett tag.\u00a0 Har \u00e4ven plockat undan sommarkl\u00e4der och skor, tagit fram vinterkl\u00e4derna; lika tr\u00e5kigt varje h\u00f6st. Hoppas det blir en mild sn\u00f6fattig vinter. Det passar oss \u00e5ldringar b\u00e4st. Men enl. v\u00e4derprognoserna s\u00e5 ska det bli en &#8221;vargavinter&#8221; i \u00e5r och \u00e4ven \u00a0\u00e5ren fram\u00f6ver.<\/p>\n<p>N\u00e5gonting annat som gl\u00e4djer oss \u00e4r att Kjell m\u00e5r mycket b\u00e4ttre.Tv\u00e5 av hans l\u00e4kare\u00a0 fr\u00e5n Soll sjukhus ringde honom ig\u00e5r,hj\u00e4rtl\u00e4karen och en sm\u00e4rtl\u00e4kare. B\u00e5da ville tr\u00e4ffa honom, f\u00f6r att se vad som skulle kunna g\u00f6ras, f\u00f6r att han ska f\u00e5 m\u00e5 b\u00e4ttre. Han har \u00e4ven f\u00e5tt remiss till en neurolog. Vi h\u00e5ller tummarna och hoppas &#8230;<\/p>\n<p>Dagens citat :\u00a0\u00a0 Vi utvecklas n\u00e4r vi v\u00e5gar ta steget ut i det ok\u00e4nda.<\/p>\n<p>+ 12 gr &#8230;\u00a0\u00a0\u00a0\u00a0\u00a0\u00a0\u00a0\u00a0\u00a0\u00a0\u00a0\u00a0\u00a0\u00a0\u00a0\u00a0\u00a0\u00a0\u00a0\u00a0\u00a0\u00a0\u00a0\u00a0\u00a0\u00a0\u00a0\u00a0\u00a0\u00a0\u00a0\u00a0\u00a0\u00a0\u00a0\u00a0\u00a0\u00a0\u00a0\u00a0\u00a0\u00a0\u00a0\u00a0\u00a0\u00a0\u00a0\u00a0\u00a0\u00a0\u00a0\u00a0\u00a0\u00a0\u00a0\u00a0\u00a0\u00a0\u00a0\u00a0\u00a0\u00a0\u00a0\u00a0\u00a0\u00a0\u00a0\u00a0\u00a0\u00a0\u00a0\u00a0\u00a0\u00a0\u00a0\u00a0\u00a0\u00a0\u00a0\u00a0\u00a0\u00a0\u00a0\u00a0\u00a0\u00a0\u00a0\u00a0\u00a0 vi h\u00f6rs &#8230;<\/p>\n","protected":false},"excerpt":{"rendered":"<p>\u00a0Vi fick ett trevligt oplanerat bes\u00f6k i g\u00e5r, av min &#8221;mentor&#8221; och v\u00e5r\u00a0gemensamme v\u00e4n\u00a0 Knut, som numera bor i Gr\u00e4smark. Det blev n\u00e5gra timmars\u00a0 prat\u00a0om gamla minnen,\u00a0\u00a0 och om nutid.\u00a0 Det var Knut som f\u00f6rde mig in\u00a0 och l\u00e4rde mig grunderna till Mental tr\u00e4ning. Om det har det skrivits spaltmetrar i flera tidningar\u00a0,jag har \u00e4ven &hellip; <a href=\"https:\/\/mommas.junselebyar.se\/wp\/?p=5255\" class=\"more-link\">Forts\u00e4tt l\u00e4sa <span class=\"screen-reader-text\">Snabbvisit&#8230;<\/span> <span class=\"meta-nav\">&rarr;<\/span><\/a><\/p>\n","protected":false},"author":3,"featured_media":0,"comment_status":"open","ping_status":"closed","sticky":false,"template":"","format":"standard","meta":{"footnotes":""},"categories":[4],"tags":[],"class_list":["post-5255","post","type-post","status-publish","format-standard","hentry","category-fran-holafors"],"_links":{"self":[{"href":"https:\/\/mommas.junselebyar.se\/wp\/index.php?rest_route=\/wp\/v2\/posts\/5255","targetHints":{"allow":["GET"]}}],"collection":[{"href":"https:\/\/mommas.junselebyar.se\/wp\/index.php?rest_route=\/wp\/v2\/posts"}],"about":[{"href":"https:\/\/mommas.junselebyar.se\/wp\/index.php?rest_route=\/wp\/v2\/types\/post"}],"author":[{"embeddable":true,"href":"https:\/\/mommas.junselebyar.se\/wp\/index.php?rest_route=\/wp\/v2\/users\/3"}],"replies":[{"embeddable":true,"href":"https:\/\/mommas.junselebyar.se\/wp\/index.php?rest_route=%2Fwp%2Fv2%2Fcomments&post=5255"}],"version-history":[{"count":0,"href":"https:\/\/mommas.junselebyar.se\/wp\/index.php?rest_route=\/wp\/v2\/posts\/5255\/revisions"}],"wp:attachment":[{"href":"https:\/\/mommas.junselebyar.se\/wp\/index.php?rest_route=%2Fwp%2Fv2%2Fmedia&parent=5255"}],"wp:term":[{"taxonomy":"category","embeddable":true,"href":"https:\/\/mommas.junselebyar.se\/wp\/index.php?rest_route=%2Fwp%2Fv2%2Fcategories&post=5255"},{"taxonomy":"post_tag","embeddable":true,"href":"https:\/\/mommas.junselebyar.se\/wp\/index.php?rest_route=%2Fwp%2Fv2%2Ftags&post=5255"}],"curies":[{"name":"wp","href":"https:\/\/api.w.org\/{rel}","templated":true}]}}