{"id":5274,"date":"2012-09-22T17:41:14","date_gmt":"2012-09-22T15:41:14","guid":{"rendered":"http:\/\/vildavastra.se\/mommasblogg\/?p=5274"},"modified":"2012-09-22T17:41:14","modified_gmt":"2012-09-22T15:41:14","slug":"beslutet-2","status":"publish","type":"post","link":"https:\/\/mommas.junselebyar.se\/wp\/?p=5274","title":{"rendered":"Beslutet &#8230;"},"content":{"rendered":"<div><em>\u00a0<\/em><\/div>\n<figure id=\"attachment_5281\" aria-describedby=\"caption-attachment-5281\" style=\"width: 420px\" class=\"wp-caption alignleft\"><a href=\"http:\/\/vildavastra.se\/mommasblogg\/wp-content\/uploads\/2012\/09\/100_2020-traktor.jpg\"><img loading=\"lazy\" decoding=\"async\" class=\"size-medium wp-image-5281\" title=\"100_2020 traktor\" src=\"http:\/\/vildavastra.se\/mommasblogg\/wp-content\/uploads\/2012\/09\/100_2020-traktor-420x315.jpg\" alt=\"Nu \u00e4r det f\u00e4rdigskottat och Traktorn \u00e4r Till Salu\" width=\"420\" height=\"315\" \/><\/a><figcaption id=\"caption-attachment-5281\" class=\"wp-caption-text\">Nu \u00e4r det f\u00e4rdigskottat och Traktorn \u00e4r Till Salu<\/figcaption><\/figure>\n<p>\u00a0<\/p>\n<div><em>\u00a0<\/em><\/div>\n<p>\u00a0<\/p>\n<div><em><\/em><\/div>\n<p>\u00a0<\/p>\n<p><em><\/p>\n<div class=\"mceTemp\">\n<figure id=\"attachment_5279\" aria-describedby=\"caption-attachment-5279\" style=\"width: 420px\" class=\"wp-caption alignleft\"><a href=\"http:\/\/vildavastra.se\/mommasblogg\/wp-content\/uploads\/2012\/09\/100_3347-k\u00f6kslampa.jpg\"><img loading=\"lazy\" decoding=\"async\" class=\"size-medium wp-image-5279\" title=\"100_3347 k\u00f6kslampa\" src=\"http:\/\/vildavastra.se\/mommasblogg\/wp-content\/uploads\/2012\/09\/100_3347-k\u00f6kslampa-420x315.jpg\" alt=\"K\u00f6kslampan\" width=\"420\" height=\"315\" \/><\/a><figcaption id=\"caption-attachment-5279\" class=\"wp-caption-text\">K\u00f6kslampan<\/figcaption><\/figure>\n<dl id=\"attachment_5277\" class=\"wp-caption alignleft\" style=\"width: 430px;\">\n<dt class=\"wp-caption-dt\"><a href=\"http:\/\/vildavastra.se\/mommasblogg\/wp-content\/uploads\/2012\/09\/100_3348-utelampa.jpg\"><img loading=\"lazy\" decoding=\"async\" class=\"size-medium wp-image-5277\" title=\"100_3348 utelampa\" src=\"http:\/\/vildavastra.se\/mommasblogg\/wp-content\/uploads\/2012\/09\/100_3348-utelampa-420x315.jpg\" alt=\"lampan som ger oss ljusi m\u00f6rkret !\" width=\"420\" height=\"315\" \/><\/a><\/dt>\n<dd class=\"wp-caption-dd\">lampan som ger oss ljusi m\u00f6rkret !<\/dd>\n<\/dl>\n<\/div>\n<p>I\u00a0 morse tog Kjell ett beslut. Ett klokt beslut som b\u00e5de jag och barnen v\u00e4ntat p\u00e5. Han t\u00e4nker inte anv\u00e4nda traktorn f\u00f6r sn\u00f6skottning i vinter. Han har redan tingat Tenglunds maskin att sk\u00f6ta skottning i vinter. V\u00e5r son Jonnie \u00e4r \u00e4gare av &#8221;v\u00e5r&#8221; traktor, s\u00e5 nu \u00e4r den TILL SALU!<\/p>\n<p>\u00a0<\/p>\n<p>\u00a0<\/p>\n<p>\u00a0<\/p>\n<p><\/em><\/p>\n<p>\u00a0<\/p>\n<p>\u00a0<\/p>\n<p><em>Ig\u00e5r fick vi en fin k\u00f6kslampa av v\u00e5ra barn. Den \u00e4r inte bara fin, den ger ocks\u00e5 ett bra och bl\u00e4ndv\u00e4nligt ljus. Passar bra i v\u00e5rt &#8221;nya&#8221; k\u00f6k. Tomas och Madde hade ocks\u00e5\u00a0 med sig en Halogen-str\u00e5lkastare med r\u00f6relsesensor ,som Tomas satte upp p\u00e5 ytterv\u00e4ggen. J\u00e4ttebra n\u00e4r vi beh\u00f6ver g\u00e5 ut n\u00e4r det \u00e4r m\u00f6rkt, den lyser upp hela g\u00e5rdsplanen.<\/em><\/p>\n<p><em>Det k\u00e4nns m\u00e4rkligt att vi kommit dit redan, n\u00e4r vi beh\u00f6ver hj\u00e4lp av v\u00e5ra barn, f\u00f6r\u00a0 att klara av\u00a0 det vi enkelt klarat av sj\u00e4lva f\u00f6rut. Tycker det \u00e4r inte l\u00e4ngesedan vi hj\u00e4lpte v\u00e5ra f\u00f6r\u00e4ldrar. Men s\u00e5 \u00e4r livets g\u00e5ng, alla blir vi gamla en dag. Eller som en gammal farbror sa till mig en g\u00e5ng.\u00a0\u00a0\u00a0 &#8221; d\u00e4 \u00e4nt\u00b4l\u00f6nt \u00e5 stret emot&#8221;.<\/em><\/p>\n<p><em>Dagens citat :\u00a0 N\u00e4r en d\u00f6rr st\u00e4ngs \u00f6ppnas alltid en annan.F\u00f6rs\u00f6k idag att hitta en ny\u00a0 d\u00f6rr som du vill och kan \u00f6ppna.<\/em><\/p>\n<p><em>+ 9 gr &#8230;\u00a0\u00a0\u00a0\u00a0\u00a0\u00a0\u00a0\u00a0\u00a0\u00a0\u00a0\u00a0\u00a0\u00a0\u00a0\u00a0\u00a0\u00a0\u00a0\u00a0\u00a0 vi h\u00f6rs &#8230;<\/em><\/p>\n","protected":false},"excerpt":{"rendered":"<p>\u00a0 \u00a0 \u00a0 \u00a0 \u00a0 lampan som ger oss ljusi m\u00f6rkret ! I\u00a0 morse tog Kjell ett beslut. Ett klokt beslut som b\u00e5de jag och barnen v\u00e4ntat p\u00e5. Han t\u00e4nker inte anv\u00e4nda traktorn f\u00f6r sn\u00f6skottning i vinter. Han har redan tingat Tenglunds maskin att sk\u00f6ta skottning i vinter. V\u00e5r son Jonnie \u00e4r \u00e4gare av &#8221;v\u00e5r&#8221; &hellip; <a href=\"https:\/\/mommas.junselebyar.se\/wp\/?p=5274\" class=\"more-link\">Forts\u00e4tt l\u00e4sa <span class=\"screen-reader-text\">Beslutet &#8230;<\/span> <span class=\"meta-nav\">&rarr;<\/span><\/a><\/p>\n","protected":false},"author":3,"featured_media":0,"comment_status":"open","ping_status":"closed","sticky":false,"template":"","format":"standard","meta":{"footnotes":""},"categories":[4],"tags":[],"class_list":["post-5274","post","type-post","status-publish","format-standard","hentry","category-fran-holafors"],"_links":{"self":[{"href":"https:\/\/mommas.junselebyar.se\/wp\/index.php?rest_route=\/wp\/v2\/posts\/5274","targetHints":{"allow":["GET"]}}],"collection":[{"href":"https:\/\/mommas.junselebyar.se\/wp\/index.php?rest_route=\/wp\/v2\/posts"}],"about":[{"href":"https:\/\/mommas.junselebyar.se\/wp\/index.php?rest_route=\/wp\/v2\/types\/post"}],"author":[{"embeddable":true,"href":"https:\/\/mommas.junselebyar.se\/wp\/index.php?rest_route=\/wp\/v2\/users\/3"}],"replies":[{"embeddable":true,"href":"https:\/\/mommas.junselebyar.se\/wp\/index.php?rest_route=%2Fwp%2Fv2%2Fcomments&post=5274"}],"version-history":[{"count":0,"href":"https:\/\/mommas.junselebyar.se\/wp\/index.php?rest_route=\/wp\/v2\/posts\/5274\/revisions"}],"wp:attachment":[{"href":"https:\/\/mommas.junselebyar.se\/wp\/index.php?rest_route=%2Fwp%2Fv2%2Fmedia&parent=5274"}],"wp:term":[{"taxonomy":"category","embeddable":true,"href":"https:\/\/mommas.junselebyar.se\/wp\/index.php?rest_route=%2Fwp%2Fv2%2Fcategories&post=5274"},{"taxonomy":"post_tag","embeddable":true,"href":"https:\/\/mommas.junselebyar.se\/wp\/index.php?rest_route=%2Fwp%2Fv2%2Ftags&post=5274"}],"curies":[{"name":"wp","href":"https:\/\/api.w.org\/{rel}","templated":true}]}}