{"id":5284,"date":"2012-09-23T18:21:42","date_gmt":"2012-09-23T16:21:42","guid":{"rendered":"http:\/\/vildavastra.se\/mommasblogg\/?p=5284"},"modified":"2012-09-23T18:21:42","modified_gmt":"2012-09-23T16:21:42","slug":"sa-var-det-gjort-2","status":"publish","type":"post","link":"https:\/\/mommas.junselebyar.se\/wp\/?p=5284","title":{"rendered":"S\u00e5 var det gjort&#8230;"},"content":{"rendered":"<figure id=\"attachment_5287\" aria-describedby=\"caption-attachment-5287\" style=\"width: 420px\" class=\"wp-caption alignleft\"><a href=\"http:\/\/vildavastra.se\/mommasblogg\/wp-content\/uploads\/2012\/09\/100_3349-f\u00e5gelhus.jpg\"><img loading=\"lazy\" decoding=\"async\" class=\"size-medium wp-image-5287\" title=\"100_3349 f\u00e5gelhus\" src=\"http:\/\/vildavastra.se\/mommasblogg\/wp-content\/uploads\/2012\/09\/100_3349-f\u00e5gelhus-420x280.jpg\" alt=\"Granen \u00e4r nyputsad och f\u00e5gelhusen uppsatta\" width=\"420\" height=\"280\" \/><\/a><figcaption id=\"caption-attachment-5287\" class=\"wp-caption-text\">Granen \u00e4r nyputsad och f\u00e5gelhusen uppsatta<\/figcaption><\/figure>\n<figure id=\"attachment_5288\" aria-describedby=\"caption-attachment-5288\" style=\"width: 420px\" class=\"wp-caption alignleft\"><a href=\"http:\/\/vildavastra.se\/mommasblogg\/wp-content\/uploads\/2012\/09\/100_3355-jag.jpg\"><img loading=\"lazy\" decoding=\"async\" class=\"size-medium wp-image-5288\" title=\"100_3355 jag\" src=\"http:\/\/vildavastra.se\/mommasblogg\/wp-content\/uploads\/2012\/09\/100_3355-jag-420x280.jpg\" alt=\"Kanske inte s\u00e5 tokigt \u00e4nd\u00e5 !\" width=\"420\" height=\"280\" \/><\/a><figcaption id=\"caption-attachment-5288\" class=\"wp-caption-text\">Kanske inte s\u00e5 tokigt \u00e4nd\u00e5 !<\/figcaption><\/figure>\n<p>S\u00e5 var det fixat f\u00f6r den h\u00e4r h\u00f6sten. Jonnie kom hem och hj\u00e4lpte oss. Beslutet vi tog att stanna kvar hemma en vinter till, trots att vi inte duger till s\u00e5 mycket, blev ju inte direkt vad vi hade t\u00e4nkt. Med egen fastighet, bil, mm. s\u00e5 fick v\u00e5ra barn extrajobb.\u00a0 Som idag, Jonnie har bytt d\u00e4ck p\u00e5 bilen. S\u00e5gat av kvistar fr\u00e5n den andra granen och buskar som f\u00f6v\u00e4xt i sommar. Satt upp fagelhusen,Skiftat gr\u00e4sklippare med sn\u00f6slunga i vintergaraget. Satt upp ljusslingan p\u00e5 taknocken inf\u00f6r kommande advent.Hj\u00e4lpt mig med blommor som ska besk\u00e4ras mm.Det har varit en fin och solig h\u00f6sts\u00f6ndag,\u00a0 vi har kunnat fika ute,\u00a0 vilat och solat oss. Nu \u00e4r det bara att inv\u00e4nta senh\u00f6st och vinter. Njuta av h\u00f6stf\u00e4rgerna innan frotsen tar alla fina l\u00f6v.<\/p>\n<p>Sj\u00e4lv har jag gjort mig h\u00f6stfin i h\u00e5ret. Som vanligt blev det inte till bel\u00e5tenhet. F\u00e5r tr\u00f6sta mig med att jag flyter in i h\u00f6stens f\u00e4rger.<\/p>\n<p>Dagens citat :\u00a0 Tyck om dig sj\u00e4lv\u00a0&#8211; \u00a0det \u00e4r attraktivt.<\/p>\n<p>+8 gr&#8230;\u00a0\u00a0\u00a0\u00a0\u00a0\u00a0\u00a0\u00a0\u00a0\u00a0\u00a0\u00a0\u00a0\u00a0\u00a0\u00a0\u00a0\u00a0\u00a0\u00a0\u00a0\u00a0\u00a0\u00a0\u00a0\u00a0\u00a0\u00a0\u00a0\u00a0\u00a0\u00a0\u00a0\u00a0\u00a0\u00a0\u00a0\u00a0\u00a0\u00a0\u00a0\u00a0\u00a0\u00a0\u00a0\u00a0\u00a0\u00a0\u00a0\u00a0\u00a0\u00a0 vi h\u00f6rs &#8230;<\/p>\n","protected":false},"excerpt":{"rendered":"<p>S\u00e5 var det fixat f\u00f6r den h\u00e4r h\u00f6sten. Jonnie kom hem och hj\u00e4lpte oss. Beslutet vi tog att stanna kvar hemma en vinter till, trots att vi inte duger till s\u00e5 mycket, blev ju inte direkt vad vi hade t\u00e4nkt. Med egen fastighet, bil, mm. s\u00e5 fick v\u00e5ra barn extrajobb.\u00a0 Som idag, Jonnie har bytt &hellip; <a href=\"https:\/\/mommas.junselebyar.se\/wp\/?p=5284\" class=\"more-link\">Forts\u00e4tt l\u00e4sa <span class=\"screen-reader-text\">S\u00e5 var det gjort&#8230;<\/span> <span class=\"meta-nav\">&rarr;<\/span><\/a><\/p>\n","protected":false},"author":3,"featured_media":0,"comment_status":"open","ping_status":"closed","sticky":false,"template":"","format":"standard","meta":{"footnotes":""},"categories":[4],"tags":[],"class_list":["post-5284","post","type-post","status-publish","format-standard","hentry","category-fran-holafors"],"_links":{"self":[{"href":"https:\/\/mommas.junselebyar.se\/wp\/index.php?rest_route=\/wp\/v2\/posts\/5284","targetHints":{"allow":["GET"]}}],"collection":[{"href":"https:\/\/mommas.junselebyar.se\/wp\/index.php?rest_route=\/wp\/v2\/posts"}],"about":[{"href":"https:\/\/mommas.junselebyar.se\/wp\/index.php?rest_route=\/wp\/v2\/types\/post"}],"author":[{"embeddable":true,"href":"https:\/\/mommas.junselebyar.se\/wp\/index.php?rest_route=\/wp\/v2\/users\/3"}],"replies":[{"embeddable":true,"href":"https:\/\/mommas.junselebyar.se\/wp\/index.php?rest_route=%2Fwp%2Fv2%2Fcomments&post=5284"}],"version-history":[{"count":0,"href":"https:\/\/mommas.junselebyar.se\/wp\/index.php?rest_route=\/wp\/v2\/posts\/5284\/revisions"}],"wp:attachment":[{"href":"https:\/\/mommas.junselebyar.se\/wp\/index.php?rest_route=%2Fwp%2Fv2%2Fmedia&parent=5284"}],"wp:term":[{"taxonomy":"category","embeddable":true,"href":"https:\/\/mommas.junselebyar.se\/wp\/index.php?rest_route=%2Fwp%2Fv2%2Fcategories&post=5284"},{"taxonomy":"post_tag","embeddable":true,"href":"https:\/\/mommas.junselebyar.se\/wp\/index.php?rest_route=%2Fwp%2Fv2%2Ftags&post=5284"}],"curies":[{"name":"wp","href":"https:\/\/api.w.org\/{rel}","templated":true}]}}