{"id":5301,"date":"2012-09-29T07:11:37","date_gmt":"2012-09-29T05:11:37","guid":{"rendered":"http:\/\/vildavastra.se\/mommasblogg\/?p=5301"},"modified":"2012-09-29T07:11:37","modified_gmt":"2012-09-29T05:11:37","slug":"annu-en-epok-ar-forbi","status":"publish","type":"post","link":"https:\/\/mommas.junselebyar.se\/wp\/?p=5301","title":{"rendered":"\u00c4nnu en epok \u00e4r f\u00f6rbi&#8230;"},"content":{"rendered":"<figure id=\"attachment_5308\" aria-describedby=\"caption-attachment-5308\" style=\"width: 420px\" class=\"wp-caption alignleft\"><a href=\"http:\/\/vildavastra.se\/mommasblogg\/wp-content\/uploads\/2012\/09\/100_3370-Sista-turen.jpg\"><img loading=\"lazy\" decoding=\"async\" class=\"size-medium wp-image-5308\" title=\"100_3370 Sista turen\" src=\"http:\/\/vildavastra.se\/mommasblogg\/wp-content\/uploads\/2012\/09\/100_3370-Sista-turen-420x315.jpg\" alt=\"S\u00e5 rullade traktorn ut fr\u00e5n g\u00e5rden, f\u00f6r en sista g\u00e5ng.\" width=\"420\" height=\"315\" \/><\/a><figcaption id=\"caption-attachment-5308\" class=\"wp-caption-text\">S\u00e5 rullade traktorn ut fr\u00e5n g\u00e5rden, f\u00f6r en sista g\u00e5ng.<\/figcaption><\/figure>\n<p>Visst k\u00e4ndes det vemodigt n\u00e4r &#8221;v\u00e5r&#8221;\u00a0 traktor rullade ut fr\u00e5n g\u00e5dsplanen ig\u00e5r. Traktorn som egentligen tillh\u00f6rde v\u00e5r son Jonnie, men som vi har f\u00e5tt ha som v\u00e5r egen\u00a0under flera \u00e5r nu. Den har varit till hj\u00e4lp b\u00e5de sommar och vinter, mest vinter n\u00e4r sn\u00f6n vr\u00e4kt ner. \u00c4ven f\u00f6r grannen Ebbe har &#8221;raktorn&#8221; varit tj\u00e4nstvillig. Men nu \u00e4r den s\u00e5ld och epoken trator \u00e4r \u00f6ver.\u00a0 Den kommer att rulla vidare hos ett ungt par i byn Sil i \u00a0Backe. S\u00e5 \u00e4r livet ,d\u00e4r vi gamla slutar, tar de yngre vid.<\/p>\n<p>Dagens citat :\u00a0\u00a0 Allt blir enklare n\u00e4r vi slutar att k\u00e4mpa emot v\u00e5ra svagheter och ist\u00e4llet utvecklar v\u00e5ra styrkor.<\/p>\n<p>\u00a0<\/p>\n<figure id=\"attachment_5305\" aria-describedby=\"caption-attachment-5305\" style=\"width: 420px\" class=\"wp-caption alignleft\"><a href=\"http:\/\/vildavastra.se\/mommasblogg\/wp-content\/uploads\/2012\/09\/100_3365-Lastning.jpg\"><img loading=\"lazy\" decoding=\"async\" class=\"size-medium wp-image-5305\" title=\"100_3365 Lastning\" src=\"http:\/\/vildavastra.se\/mommasblogg\/wp-content\/uploads\/2012\/09\/100_3365-Lastning-420x315.jpg\" alt=\"Intresset stort vid lastningen av div.tillbeh\u00f6r\" width=\"420\" height=\"315\" \/><\/a><figcaption id=\"caption-attachment-5305\" class=\"wp-caption-text\">Intresset stort vid lastningen av div.tillbeh\u00f6r<\/figcaption><\/figure>\n","protected":false},"excerpt":{"rendered":"<p>Visst k\u00e4ndes det vemodigt n\u00e4r &#8221;v\u00e5r&#8221;\u00a0 traktor rullade ut fr\u00e5n g\u00e5dsplanen ig\u00e5r. Traktorn som egentligen tillh\u00f6rde v\u00e5r son Jonnie, men som vi har f\u00e5tt ha som v\u00e5r egen\u00a0under flera \u00e5r nu. Den har varit till hj\u00e4lp b\u00e5de sommar och vinter, mest vinter n\u00e4r sn\u00f6n vr\u00e4kt ner. \u00c4ven f\u00f6r grannen Ebbe har &#8221;raktorn&#8221; varit tj\u00e4nstvillig. Men &hellip; <a href=\"https:\/\/mommas.junselebyar.se\/wp\/?p=5301\" class=\"more-link\">Forts\u00e4tt l\u00e4sa <span class=\"screen-reader-text\">\u00c4nnu en epok \u00e4r f\u00f6rbi&#8230;<\/span> <span class=\"meta-nav\">&rarr;<\/span><\/a><\/p>\n","protected":false},"author":3,"featured_media":0,"comment_status":"open","ping_status":"closed","sticky":false,"template":"","format":"standard","meta":{"footnotes":""},"categories":[4],"tags":[],"class_list":["post-5301","post","type-post","status-publish","format-standard","hentry","category-fran-holafors"],"_links":{"self":[{"href":"https:\/\/mommas.junselebyar.se\/wp\/index.php?rest_route=\/wp\/v2\/posts\/5301","targetHints":{"allow":["GET"]}}],"collection":[{"href":"https:\/\/mommas.junselebyar.se\/wp\/index.php?rest_route=\/wp\/v2\/posts"}],"about":[{"href":"https:\/\/mommas.junselebyar.se\/wp\/index.php?rest_route=\/wp\/v2\/types\/post"}],"author":[{"embeddable":true,"href":"https:\/\/mommas.junselebyar.se\/wp\/index.php?rest_route=\/wp\/v2\/users\/3"}],"replies":[{"embeddable":true,"href":"https:\/\/mommas.junselebyar.se\/wp\/index.php?rest_route=%2Fwp%2Fv2%2Fcomments&post=5301"}],"version-history":[{"count":0,"href":"https:\/\/mommas.junselebyar.se\/wp\/index.php?rest_route=\/wp\/v2\/posts\/5301\/revisions"}],"wp:attachment":[{"href":"https:\/\/mommas.junselebyar.se\/wp\/index.php?rest_route=%2Fwp%2Fv2%2Fmedia&parent=5301"}],"wp:term":[{"taxonomy":"category","embeddable":true,"href":"https:\/\/mommas.junselebyar.se\/wp\/index.php?rest_route=%2Fwp%2Fv2%2Fcategories&post=5301"},{"taxonomy":"post_tag","embeddable":true,"href":"https:\/\/mommas.junselebyar.se\/wp\/index.php?rest_route=%2Fwp%2Fv2%2Ftags&post=5301"}],"curies":[{"name":"wp","href":"https:\/\/api.w.org\/{rel}","templated":true}]}}