{"id":5321,"date":"2012-10-05T14:22:20","date_gmt":"2012-10-05T12:22:20","guid":{"rendered":"http:\/\/vildavastra.se\/mommasblogg\/?p=5321"},"modified":"2012-10-05T14:22:20","modified_gmt":"2012-10-05T12:22:20","slug":"nagra-dar-sen-sist","status":"publish","type":"post","link":"https:\/\/mommas.junselebyar.se\/wp\/?p=5321","title":{"rendered":"N\u00e5gra dar sen sist &#8230;"},"content":{"rendered":"<div class=\"mceTemp\">\n<div class=\"mceTemp\">\n<figure id=\"attachment_5331\" aria-describedby=\"caption-attachment-5331\" style=\"width: 315px\" class=\"wp-caption alignleft\"><a href=\"http:\/\/vildavastra.se\/mommasblogg\/wp-content\/uploads\/2012\/10\/100_3387-blomma.jpg\"><img loading=\"lazy\" decoding=\"async\" class=\"size-medium wp-image-5331\" title=\"100_3387 blomma\" src=\"http:\/\/vildavastra.se\/mommasblogg\/wp-content\/uploads\/2012\/10\/100_3387-blomma-315x420.jpg\" alt=\"Visst \u00e4r det en Julstj\u00e4rna ?\" width=\"315\" height=\"420\" \/><\/a><figcaption id=\"caption-attachment-5331\" class=\"wp-caption-text\">Visst \u00e4r det en Julstj\u00e4rna ?<\/figcaption><\/figure>\n<dl id=\"attachment_5328\" class=\"wp-caption alignleft\" style=\"width: 430px;\">\n<dt class=\"wp-caption-dt\"><a href=\"http:\/\/mommas.junselebyar.se\/wp\/wp-content\/uploads\/2012\/10\/100_3391bullar.jpg\"><img loading=\"lazy\" decoding=\"async\" class=\"size-medium wp-image-5328\" title=\"100_3391bullar\" src=\"http:\/\/mommas.junselebyar.se\/wp\/wp-content\/uploads\/2012\/10\/100_3391bullar-420x315.jpg\" alt=\"Bullar som som snart tar slut\" width=\"420\" height=\"315\" \/><\/a><\/dt>\n<dd class=\"wp-caption-dd\">Bullar som som snart tar slut<\/dd>\n<\/dl>\n<\/div>\n<dl id=\"attachment_5326\" class=\"wp-caption alignleft\" style=\"width: 430px;\">\n<dt class=\"wp-caption-dt\"><a href=\"http:\/\/vildavastra.se\/mommasblogg\/wp-content\/uploads\/2012\/10\/100_3386-stj\u00e4rnhimmel.jpg\"><img loading=\"lazy\" decoding=\"async\" class=\"size-medium wp-image-5326\" title=\"100_3386 stj\u00e4rnhimmel\" src=\"http:\/\/vildavastra.se\/mommasblogg\/wp-content\/uploads\/2012\/10\/100_3386-stj\u00e4rnhimmel-420x315.jpg\" alt=\" En konstgjord stj\u00e4rnhimmel lyser upp i m\u00f6rkret\" width=\"420\" height=\"315\" \/><\/a><\/dt>\n<dd class=\"wp-caption-dd\">En konstgjord stj\u00e4rnhimmel lyser upp i m\u00f6rkret<\/dd>\n<\/dl>\n<\/div>\n<p>Nu har det g\u00e5tt n\u00e5gra dar sedan jag uppdaterade Mommasblogg. Vad har jag gjort ? Haft f\u00f6r mig sedan sist ? Jaa, jag har njutit av tre h\u00e4rliga h\u00f6stdagar, passat p\u00e5 att vara ute n\u00e4r dimman l\u00e4ttat och solen\u00a0 v\u00e4rmt gott.\u00a0\u00a0 Fikat\u00a0 ute med alla h\u00f6stl\u00f6vens f\u00e4rger\u00a0som \u00f6gonfr\u00f6jd.<\/p>\n<p>Ordnat med &#8221;stj\u00e4rnhimlen&#8221; s\u00e5 den lyser i kv\u00e4llsm\u00f6rkret. F\u00f6r m\u00f6rkt \u00e4r det utanf\u00f6r f\u00f6nstret. eller som Mor sa \/ Man sint hanna framf\u00f6r yga &#8221;<\/p>\n<p>Jag har bakat bullar : 80 st Rimbobullar + 120 kanelbullar , ingen har v\u00e4l undg\u00e5tt att det var kanelbullens dag ig\u00e5r.\u00a0 Vi var till Ramsele en dag, Kjell beh\u00f6vde g\u00e5 till optikern, Jag passade p\u00e5 att k\u00f6pa en blomma till k\u00f6ksbordet. En vacker novemberros. Men visst \u00e4r det en Julstj\u00e4rna ?<\/p>\n<p>Ig\u00e5r k\u00f6pte vi den godaste mandelpotatis man kan f\u00e5, av potatisbilen fr\u00e5n Gafsele. Hade stekt fl\u00e4sk p\u00e5 gammalt vis, \u00e5t middag kl\u00a0 halvsju , Kokt mandelpotatis\u00a0 mosad i stekflott och knaperstekt fl\u00e4sk, med hembakt tunnbr\u00f6ds sm\u00f6rg\u00e5s till\u00a0&#8221;D\u00e4 \u00e4 grejer d\u00e4&#8221; om man \u00e4r norrl\u00e4nning.\u00a0 N\u00e4stan en konkurrens till Surstr\u00f6mming.<\/p>\n<p>Dagens citat : Att l\u00e4ngta efter mer handlar om utveckling. Om vi redan hade alla saker och all\u00a0 kunskap som vi skulle vilja ha, vore livet tomt.<\/p>\n<p>+ 5 gr &#8230;\u00a0\u00a0\u00a0\u00a0\u00a0\u00a0\u00a0\u00a0\u00a0\u00a0\u00a0\u00a0\u00a0\u00a0\u00a0\u00a0\u00a0\u00a0\u00a0\u00a0\u00a0\u00a0\u00a0\u00a0\u00a0\u00a0\u00a0\u00a0\u00a0\u00a0\u00a0\u00a0\u00a0\u00a0\u00a0\u00a0\u00a0\u00a0\u00a0\u00a0\u00a0\u00a0\u00a0 vi h\u00f6rs &#8230;<\/p>\n","protected":false},"excerpt":{"rendered":"<p>Bullar som som snart tar slut En konstgjord stj\u00e4rnhimmel lyser upp i m\u00f6rkret Nu har det g\u00e5tt n\u00e5gra dar sedan jag uppdaterade Mommasblogg. Vad har jag gjort ? Haft f\u00f6r mig sedan sist ? Jaa, jag har njutit av tre h\u00e4rliga h\u00f6stdagar, passat p\u00e5 att vara ute n\u00e4r dimman l\u00e4ttat och solen\u00a0 v\u00e4rmt gott.\u00a0\u00a0 Fikat\u00a0 &hellip; <a href=\"https:\/\/mommas.junselebyar.se\/wp\/?p=5321\" class=\"more-link\">Forts\u00e4tt l\u00e4sa <span class=\"screen-reader-text\">N\u00e5gra dar sen sist &#8230;<\/span> <span class=\"meta-nav\">&rarr;<\/span><\/a><\/p>\n","protected":false},"author":3,"featured_media":0,"comment_status":"open","ping_status":"closed","sticky":false,"template":"","format":"standard","meta":{"footnotes":""},"categories":[4],"tags":[],"class_list":["post-5321","post","type-post","status-publish","format-standard","hentry","category-fran-holafors"],"_links":{"self":[{"href":"https:\/\/mommas.junselebyar.se\/wp\/index.php?rest_route=\/wp\/v2\/posts\/5321","targetHints":{"allow":["GET"]}}],"collection":[{"href":"https:\/\/mommas.junselebyar.se\/wp\/index.php?rest_route=\/wp\/v2\/posts"}],"about":[{"href":"https:\/\/mommas.junselebyar.se\/wp\/index.php?rest_route=\/wp\/v2\/types\/post"}],"author":[{"embeddable":true,"href":"https:\/\/mommas.junselebyar.se\/wp\/index.php?rest_route=\/wp\/v2\/users\/3"}],"replies":[{"embeddable":true,"href":"https:\/\/mommas.junselebyar.se\/wp\/index.php?rest_route=%2Fwp%2Fv2%2Fcomments&post=5321"}],"version-history":[{"count":0,"href":"https:\/\/mommas.junselebyar.se\/wp\/index.php?rest_route=\/wp\/v2\/posts\/5321\/revisions"}],"wp:attachment":[{"href":"https:\/\/mommas.junselebyar.se\/wp\/index.php?rest_route=%2Fwp%2Fv2%2Fmedia&parent=5321"}],"wp:term":[{"taxonomy":"category","embeddable":true,"href":"https:\/\/mommas.junselebyar.se\/wp\/index.php?rest_route=%2Fwp%2Fv2%2Fcategories&post=5321"},{"taxonomy":"post_tag","embeddable":true,"href":"https:\/\/mommas.junselebyar.se\/wp\/index.php?rest_route=%2Fwp%2Fv2%2Ftags&post=5321"}],"curies":[{"name":"wp","href":"https:\/\/api.w.org\/{rel}","templated":true}]}}