{"id":5347,"date":"2012-10-11T19:57:03","date_gmt":"2012-10-11T17:57:03","guid":{"rendered":"http:\/\/vildavastra.se\/mommasblogg\/?p=5347"},"modified":"2012-10-11T19:57:03","modified_gmt":"2012-10-11T17:57:03","slug":"da-vet-vi-det","status":"publish","type":"post","link":"https:\/\/mommas.junselebyar.se\/wp\/?p=5347","title":{"rendered":"D\u00e5 vet vi det !&#8230;"},"content":{"rendered":"<figure id=\"attachment_5357\" aria-describedby=\"caption-attachment-5357\" style=\"width: 420px\" class=\"wp-caption alignleft\"><a href=\"http:\/\/vildavastra.se\/mommasblogg\/wp-content\/uploads\/2012\/10\/100_3394carina.jpg\"><img loading=\"lazy\" decoding=\"async\" class=\"size-medium wp-image-5357\" title=\"100_3394carina\" src=\"http:\/\/vildavastra.se\/mommasblogg\/wp-content\/uploads\/2012\/10\/100_3394carina-420x315.jpg\" alt=\"Det var tomt p\u00e5 Junsele h\u00e4lsocentral idag. &quot;syster&quot; Carina v\u00e4lkommnade oss 4 som var d\u00e4r.\" width=\"420\" height=\"315\" \/><\/a><figcaption id=\"caption-attachment-5357\" class=\"wp-caption-text\">Det var tomt p\u00e5 Junsele h\u00e4lsocentral idag. &quot;syster&quot; Carina v\u00e4lkommnade oss 4 som var d\u00e4r.<\/figcaption><\/figure>\n<p>N\u00e4r jag f\u00f6r n\u00e5gra \u00e5r sedan startade Mommasblogg, var min tanke att skriva om, hur det\u00a0skulle k\u00e4nnas\u00a0att m\u00f6ta \u00e5lderdomen. B\u00e5de positvt och negativt. Positivt om allt det roliga, glada dagar av gl\u00e4dje, vilket jag nu f\u00f6rst\u00e5tt \u00e4r vad familjen ger oss. Negativt \u00e4r n\u00e4r\u00a0 \u00e5lderskr\u00e4mporna b\u00f6rjar ge sig till k\u00e4nna.<\/p>\n<p>I tisdags var vi till\u00a0 Sollefte\u00e5 sjukhus, Kjell hade tid hos en\u00a0 sk\u00f6terska +neurolog f\u00f6r ev. diagnos av hans tilltagande skakningar.\u00a0 Diagnosen blev vad vi f\u00f6rst\u00e5tt och var beredda p\u00e5. Han har en begynnande Parkinsons sjukdom. On\u00f6digt kan vi tycka, n\u00e4r han b\u00e4r p\u00e5 s\u00e5 m\u00e5nga andra sjukdomar. Men vi ska nog tillsammans rida ut det h\u00e4r ocks\u00e5.<\/p>\n<p>Vi kommer att f\u00e5 hj\u00e4lp med anpassning av bostaden, och \u00e4r b\u00e5da glada \u00f6ver att vi best\u00e4mde oss f\u00f6r att stanna i Holafors. H\u00e4r har vi bott i 60 \u00e5r och Kjell i snart 79\u00e5r, h\u00e4r\u00a0k\u00e4nner vi oss trygga och hoppas\u00a0p\u00e5 \u00a0flera \u00e5r \u00e4n ,tillsammans h\u00e4r. Klart det blir m\u00e5nga resor till v\u00e5rdcentral och sjukhus fram\u00f6ver.\u00a0 Idag var vi till Junsele och fick \u00e5rets influensaspruta. Men var fanns allt folk ? Vi k\u00e4nde oss riktigt ensamma, det var vi och tv\u00e5 stycken till.<\/p>\n<p>Vi hade f\u00f6rsta riktiga frostnatten i natt, l\u00e4ngtar inte tll sn\u00f6 och kyla. Tur att vi har det\u00a0varmt och gott inomhus, nysotad pelletspanna. Sonen Jonnie har tagit p\u00e5 sig sotningen en\u00a0g\u00e5ng i m\u00e5n , nu n\u00e4r inte pappa klarar det l\u00e4ngre.<\/p>\n<p>Dagens citat : Ett beslut utan handling leder s\u00e4llan n\u00e5gonstans.<\/p>\n<p>+ 3 gr &#8230;\u00a0\u00a0\u00a0\u00a0\u00a0\u00a0\u00a0\u00a0\u00a0\u00a0\u00a0\u00a0\u00a0\u00a0\u00a0\u00a0\u00a0\u00a0\u00a0\u00a0\u00a0\u00a0\u00a0\u00a0\u00a0\u00a0\u00a0\u00a0\u00a0\u00a0\u00a0\u00a0\u00a0\u00a0\u00a0\u00a0\u00a0\u00a0\u00a0\u00a0\u00a0\u00a0\u00a0\u00a0\u00a0\u00a0\u00a0\u00a0\u00a0\u00a0\u00a0\u00a0\u00a0\u00a0\u00a0\u00a0\u00a0\u00a0\u00a0\u00a0\u00a0\u00a0\u00a0\u00a0\u00a0\u00a0 vi h\u00f6rs&#8230;<\/p>\n","protected":false},"excerpt":{"rendered":"<p>N\u00e4r jag f\u00f6r n\u00e5gra \u00e5r sedan startade Mommasblogg, var min tanke att skriva om, hur det\u00a0skulle k\u00e4nnas\u00a0att m\u00f6ta \u00e5lderdomen. B\u00e5de positvt och negativt. Positivt om allt det roliga, glada dagar av gl\u00e4dje, vilket jag nu f\u00f6rst\u00e5tt \u00e4r vad familjen ger oss. Negativt \u00e4r n\u00e4r\u00a0 \u00e5lderskr\u00e4mporna b\u00f6rjar ge sig till k\u00e4nna. I tisdags var vi till\u00a0 &hellip; <a href=\"https:\/\/mommas.junselebyar.se\/wp\/?p=5347\" class=\"more-link\">Forts\u00e4tt l\u00e4sa <span class=\"screen-reader-text\">D\u00e5 vet vi det !&#8230;<\/span> <span class=\"meta-nav\">&rarr;<\/span><\/a><\/p>\n","protected":false},"author":3,"featured_media":0,"comment_status":"open","ping_status":"closed","sticky":false,"template":"","format":"standard","meta":{"footnotes":""},"categories":[4],"tags":[],"class_list":["post-5347","post","type-post","status-publish","format-standard","hentry","category-fran-holafors"],"_links":{"self":[{"href":"https:\/\/mommas.junselebyar.se\/wp\/index.php?rest_route=\/wp\/v2\/posts\/5347","targetHints":{"allow":["GET"]}}],"collection":[{"href":"https:\/\/mommas.junselebyar.se\/wp\/index.php?rest_route=\/wp\/v2\/posts"}],"about":[{"href":"https:\/\/mommas.junselebyar.se\/wp\/index.php?rest_route=\/wp\/v2\/types\/post"}],"author":[{"embeddable":true,"href":"https:\/\/mommas.junselebyar.se\/wp\/index.php?rest_route=\/wp\/v2\/users\/3"}],"replies":[{"embeddable":true,"href":"https:\/\/mommas.junselebyar.se\/wp\/index.php?rest_route=%2Fwp%2Fv2%2Fcomments&post=5347"}],"version-history":[{"count":0,"href":"https:\/\/mommas.junselebyar.se\/wp\/index.php?rest_route=\/wp\/v2\/posts\/5347\/revisions"}],"wp:attachment":[{"href":"https:\/\/mommas.junselebyar.se\/wp\/index.php?rest_route=%2Fwp%2Fv2%2Fmedia&parent=5347"}],"wp:term":[{"taxonomy":"category","embeddable":true,"href":"https:\/\/mommas.junselebyar.se\/wp\/index.php?rest_route=%2Fwp%2Fv2%2Fcategories&post=5347"},{"taxonomy":"post_tag","embeddable":true,"href":"https:\/\/mommas.junselebyar.se\/wp\/index.php?rest_route=%2Fwp%2Fv2%2Ftags&post=5347"}],"curies":[{"name":"wp","href":"https:\/\/api.w.org\/{rel}","templated":true}]}}