{"id":5361,"date":"2012-10-14T06:25:40","date_gmt":"2012-10-14T04:25:40","guid":{"rendered":"http:\/\/vildavastra.se\/mommasblogg\/?p=5361"},"modified":"2012-10-14T06:25:40","modified_gmt":"2012-10-14T04:25:40","slug":"syskontraff","status":"publish","type":"post","link":"https:\/\/mommas.junselebyar.se\/wp\/?p=5361","title":{"rendered":"Syskontr\u00e4ff &#8230;"},"content":{"rendered":"<figure id=\"attachment_5365\" aria-describedby=\"caption-attachment-5365\" style=\"width: 420px\" class=\"wp-caption alignleft\"><a href=\"http:\/\/vildavastra.se\/mommasblogg\/wp-content\/uploads\/2012\/10\/100_3397-br\u00f6der.jpg\"><img loading=\"lazy\" decoding=\"async\" class=\"size-medium wp-image-5365\" title=\"100_3397 br\u00f6der\" src=\"http:\/\/vildavastra.se\/mommasblogg\/wp-content\/uploads\/2012\/10\/100_3397-br\u00f6der-420x315.jpg\" alt=\"Annagreta - Jan -Ola- Hans -Ingvar\" width=\"420\" height=\"315\" \/><\/a><figcaption id=\"caption-attachment-5365\" class=\"wp-caption-text\">Annagreta - Jan -Ola- Hans -Ingvar<\/figcaption><\/figure>\n<p>Har bes\u00f6k av min lillebror JanOla, som ska stanna n\u00e5gra dar hos oss. Han har varit n\u00e5gra dar p\u00e5 bes\u00f6k i Bysj\u00f6n hos min storebror Hans Ingvar, som ocks\u00e5 var med ig\u00e5r. Innan Hans Ingvar \u00e5kte hem igen skulle det tas kort av syskontrion. Kjell var fotografen, Vi st\u00e4llde oss p\u00e5 en i tycke av oss bra plats. Kjell tog tre bilder, det duger, var hans kommentar.<\/p>\n<p>Vi fick oss ett gott skratt.viken r\u00f6ra, och &#8221;skol\u00f6s&#8221; \u00e4r tv\u00e5 av oss. Jag som hade t\u00e4nkt ett fint portr\u00e4tt av oss syskon.\u00a0 Kjell igen:\u00a0\u00a0 &#8221;Jag kan inte g\u00f6ra om er, det \u00e4r s\u00e5 ni ser ut&#8221;, men ni kunde valt en b\u00e4ttre plats. Jaha !\u00a0\u00a0\u00a0<\/p>\n<p>P\u00e5 bilden Hans Ingvar. Storebror som\u00a0 var tryggheten n\u00e4r jag var liten och bodde p\u00e5 skolhemmet.\u00a0 Han var den som fick ta ansvaret, n\u00e4r far blev sjuk. Den som h\u00f6ll ihop fam, trots sin unga \u00e5lder.<\/p>\n<p>Jan Ola\u00a0 lillebror. Som barn var vi alltid tillsammans. Jag &#8221;sl\u00e4pade&#8221; p\u00e5 honom vart jag gick.\u00a0 Hela byn var v\u00e5r lekplats, fr\u00e5n morron till kv\u00e4ll dom f\u00f6rsta \u00e5ren av v\u00e5rt liv.V\u00e5r lilla skogsby Bysj\u00f6n, d\u00e4r tryggheten fanns.<\/p>\n<p>S\u00e5 st\u00e5r jag sj\u00e4lv d\u00e4r.\u00a0 M\u00e5nga \u00e5r har passerat, men tryggheten, syskonk\u00e4rleken finns kvar.<\/p>\n<p>Dagens citat : Det \u00e4r skillnad mellan att vara lyckad oc att vara lycklig. Vad g\u00f6r dig Lycklig ?<\/p>\n<p>+ 3 gr&#8230;\u00a0\u00a0\u00a0\u00a0\u00a0\u00a0\u00a0\u00a0\u00a0\u00a0\u00a0\u00a0\u00a0\u00a0\u00a0\u00a0\u00a0\u00a0\u00a0\u00a0\u00a0\u00a0\u00a0\u00a0\u00a0\u00a0\u00a0\u00a0\u00a0\u00a0\u00a0\u00a0\u00a0\u00a0\u00a0\u00a0\u00a0\u00a0\u00a0\u00a0\u00a0\u00a0\u00a0\u00a0\u00a0\u00a0\u00a0\u00a0\u00a0\u00a0\u00a0\u00a0\u00a0\u00a0\u00a0\u00a0\u00a0\u00a0\u00a0\u00a0\u00a0\u00a0\u00a0\u00a0 vi h\u00f6rs &#8230;<\/p>\n","protected":false},"excerpt":{"rendered":"<p>Har bes\u00f6k av min lillebror JanOla, som ska stanna n\u00e5gra dar hos oss. Han har varit n\u00e5gra dar p\u00e5 bes\u00f6k i Bysj\u00f6n hos min storebror Hans Ingvar, som ocks\u00e5 var med ig\u00e5r. Innan Hans Ingvar \u00e5kte hem igen skulle det tas kort av syskontrion. Kjell var fotografen, Vi st\u00e4llde oss p\u00e5 en i tycke av &hellip; <a href=\"https:\/\/mommas.junselebyar.se\/wp\/?p=5361\" class=\"more-link\">Forts\u00e4tt l\u00e4sa <span class=\"screen-reader-text\">Syskontr\u00e4ff &#8230;<\/span> <span class=\"meta-nav\">&rarr;<\/span><\/a><\/p>\n","protected":false},"author":3,"featured_media":0,"comment_status":"open","ping_status":"closed","sticky":false,"template":"","format":"standard","meta":{"footnotes":""},"categories":[4],"tags":[],"class_list":["post-5361","post","type-post","status-publish","format-standard","hentry","category-fran-holafors"],"_links":{"self":[{"href":"https:\/\/mommas.junselebyar.se\/wp\/index.php?rest_route=\/wp\/v2\/posts\/5361","targetHints":{"allow":["GET"]}}],"collection":[{"href":"https:\/\/mommas.junselebyar.se\/wp\/index.php?rest_route=\/wp\/v2\/posts"}],"about":[{"href":"https:\/\/mommas.junselebyar.se\/wp\/index.php?rest_route=\/wp\/v2\/types\/post"}],"author":[{"embeddable":true,"href":"https:\/\/mommas.junselebyar.se\/wp\/index.php?rest_route=\/wp\/v2\/users\/3"}],"replies":[{"embeddable":true,"href":"https:\/\/mommas.junselebyar.se\/wp\/index.php?rest_route=%2Fwp%2Fv2%2Fcomments&post=5361"}],"version-history":[{"count":0,"href":"https:\/\/mommas.junselebyar.se\/wp\/index.php?rest_route=\/wp\/v2\/posts\/5361\/revisions"}],"wp:attachment":[{"href":"https:\/\/mommas.junselebyar.se\/wp\/index.php?rest_route=%2Fwp%2Fv2%2Fmedia&parent=5361"}],"wp:term":[{"taxonomy":"category","embeddable":true,"href":"https:\/\/mommas.junselebyar.se\/wp\/index.php?rest_route=%2Fwp%2Fv2%2Fcategories&post=5361"},{"taxonomy":"post_tag","embeddable":true,"href":"https:\/\/mommas.junselebyar.se\/wp\/index.php?rest_route=%2Fwp%2Fv2%2Ftags&post=5361"}],"curies":[{"name":"wp","href":"https:\/\/api.w.org\/{rel}","templated":true}]}}