{"id":5369,"date":"2012-10-16T12:09:07","date_gmt":"2012-10-16T10:09:07","guid":{"rendered":"http:\/\/vildavastra.se\/mommasblogg\/?p=5369"},"modified":"2012-10-16T12:09:07","modified_gmt":"2012-10-16T10:09:07","slug":"en-bra-dag","status":"publish","type":"post","link":"https:\/\/mommas.junselebyar.se\/wp\/?p=5369","title":{"rendered":"En bra dag &#8230;"},"content":{"rendered":"<figure id=\"attachment_5379\" aria-describedby=\"caption-attachment-5379\" style=\"width: 420px\" class=\"wp-caption alignleft\"><a href=\"http:\/\/vildavastra.se\/mommasblogg\/wp-content\/uploads\/2012\/10\/IMG-mostrar.jpg\"><img loading=\"lazy\" decoding=\"async\" class=\"size-medium wp-image-5379\" title=\"IMG    mostrar\" src=\"http:\/\/vildavastra.se\/mommasblogg\/wp-content\/uploads\/2012\/10\/IMG-mostrar-420x308.jpg\" alt=\"Mormor Annas barn. Nederst fr\u00e5n v\u00e4nster Astrid Axel -Mormor -Ada.\u00d6verst fr\u00e5n v\u00e4nster Tyra Elvy Jon Johannes Viola Olga Olle\" width=\"420\" height=\"308\" \/><\/a><figcaption id=\"caption-attachment-5379\" class=\"wp-caption-text\">Mormor Annas barn. Nederst fr\u00e5n v\u00e4nster Astrid Axel -Mormor -Ada.\u00d6verst fr\u00e5n v\u00e4nster Tyra Elvy Jon Johannes Viola Olga Olle<\/figcaption><\/figure>\n<p>G\u00e5rdagen var en bra dag.En dag som vi, jag ,Kjell och min bror Jan- Ola fick fylla p\u00e5 med positiv energi.\u00a0 Jan Ola beh\u00f6vde handla lite sm\u00e5saker. &#8221; Var hittar jag dom? &#8221; Sj\u00e4lvklart hos Gretas i Junsele.Ett nostalgibes\u00f6k som fick minnena att str\u00f6mma. Sedan hos Lailas blommor, den som tidigare inrymde H\u00f6rnstugan. Ungdomsminnen av kompisskap, Trocadero och\u00a0 kubb v\u00e4ckte\u00a0 m\u00e5nga tankar hos min bror , \u00e4ven hos mig.<\/p>\n<p>Ett bes\u00f6k sedan hos Jonnie i V\u00e4st byn, d\u00e4r hela fam var samlad.\u00a0 En kopp kaffe och goda mackor satt bra.\u00a0 Lilla Hardy sken som solen, n\u00e4r han fick vandra fr\u00e5n famn till famn. Sj\u00e4lvklart blev han medelpunkten.<\/p>\n<p>Nu hade Jan-Ola bara en \u00f6nskan kvar, att f\u00e5 tr\u00e4ffa v\u00e5r morbror Jon och hans fru Ann-Marie, nyinflyttade\u00a0 till Junsele fr\u00e5n Lycksele. Av v\u00e5r mormor Anna Salomonssons 11 barn finns nu\u00a0bara tv\u00e5 i livet, Jon och Elvy. Det blev en h\u00f6gtidsstund, med m\u00e5nga minnen och glada skratt. Ann-Marie bj\u00f6d p\u00e5 en j\u00e4ttegod laxsoppa,\u00a0 gott vin ochen bl\u00e5b\u00e4rspaj till efterr\u00e4tt.\u00a0 M\u00e4tta ,glada och upprymda \u00e5kte vi hem, d\u00e4r sl\u00e4kten V\u00e4sterlunds sl\u00e4kttavla \u00a0fortsatte att ventileras. Eller som Morbror Jon sa : &#8221;Vi \u00e4r nog sl\u00e4ckt med hela J\u00f6nselbyn ! &#8221;<\/p>\n<p>Dagens citat : Det \u00e4r roligt att leva f\u00f6r d\u00e5 f\u00e5r man se hur det g\u00e5r.<\/p>\n<p>+ 2 gr &#8230;\u00a0\u00a0\u00a0\u00a0\u00a0\u00a0\u00a0\u00a0\u00a0\u00a0\u00a0( Den f\u00f6rsta sn\u00f6n kom idag.)\u00a0\u00a0\u00a0\u00a0\u00a0\u00a0\u00a0\u00a0\u00a0\u00a0\u00a0\u00a0\u00a0\u00a0\u00a0\u00a0\u00a0\u00a0\u00a0\u00a0\u00a0\u00a0\u00a0\u00a0\u00a0\u00a0\u00a0\u00a0\u00a0\u00a0\u00a0\u00a0\u00a0\u00a0\u00a0\u00a0\u00a0\u00a0\u00a0\u00a0 vi h\u00f6rs &#8230;.<\/p>\n","protected":false},"excerpt":{"rendered":"<p>G\u00e5rdagen var en bra dag.En dag som vi, jag ,Kjell och min bror Jan- Ola fick fylla p\u00e5 med positiv energi.\u00a0 Jan Ola beh\u00f6vde handla lite sm\u00e5saker. &#8221; Var hittar jag dom? &#8221; Sj\u00e4lvklart hos Gretas i Junsele.Ett nostalgibes\u00f6k som fick minnena att str\u00f6mma. Sedan hos Lailas blommor, den som tidigare inrymde H\u00f6rnstugan. Ungdomsminnen av &hellip; <a href=\"https:\/\/mommas.junselebyar.se\/wp\/?p=5369\" class=\"more-link\">Forts\u00e4tt l\u00e4sa <span class=\"screen-reader-text\">En bra dag &#8230;<\/span> <span class=\"meta-nav\">&rarr;<\/span><\/a><\/p>\n","protected":false},"author":3,"featured_media":0,"comment_status":"open","ping_status":"closed","sticky":false,"template":"","format":"standard","meta":{"footnotes":""},"categories":[4],"tags":[],"class_list":["post-5369","post","type-post","status-publish","format-standard","hentry","category-fran-holafors"],"_links":{"self":[{"href":"https:\/\/mommas.junselebyar.se\/wp\/index.php?rest_route=\/wp\/v2\/posts\/5369","targetHints":{"allow":["GET"]}}],"collection":[{"href":"https:\/\/mommas.junselebyar.se\/wp\/index.php?rest_route=\/wp\/v2\/posts"}],"about":[{"href":"https:\/\/mommas.junselebyar.se\/wp\/index.php?rest_route=\/wp\/v2\/types\/post"}],"author":[{"embeddable":true,"href":"https:\/\/mommas.junselebyar.se\/wp\/index.php?rest_route=\/wp\/v2\/users\/3"}],"replies":[{"embeddable":true,"href":"https:\/\/mommas.junselebyar.se\/wp\/index.php?rest_route=%2Fwp%2Fv2%2Fcomments&post=5369"}],"version-history":[{"count":0,"href":"https:\/\/mommas.junselebyar.se\/wp\/index.php?rest_route=\/wp\/v2\/posts\/5369\/revisions"}],"wp:attachment":[{"href":"https:\/\/mommas.junselebyar.se\/wp\/index.php?rest_route=%2Fwp%2Fv2%2Fmedia&parent=5369"}],"wp:term":[{"taxonomy":"category","embeddable":true,"href":"https:\/\/mommas.junselebyar.se\/wp\/index.php?rest_route=%2Fwp%2Fv2%2Fcategories&post=5369"},{"taxonomy":"post_tag","embeddable":true,"href":"https:\/\/mommas.junselebyar.se\/wp\/index.php?rest_route=%2Fwp%2Fv2%2Ftags&post=5369"}],"curies":[{"name":"wp","href":"https:\/\/api.w.org\/{rel}","templated":true}]}}