{"id":5382,"date":"2012-10-17T06:44:03","date_gmt":"2012-10-17T04:44:03","guid":{"rendered":"http:\/\/vildavastra.se\/mommasblogg\/?p=5382"},"modified":"2012-10-17T06:44:03","modified_gmt":"2012-10-17T04:44:03","slug":"principfraga","status":"publish","type":"post","link":"https:\/\/mommas.junselebyar.se\/wp\/?p=5382","title":{"rendered":"Principfr\u00e5ga ? &#8230;"},"content":{"rendered":"<figure id=\"attachment_5386\" aria-describedby=\"caption-attachment-5386\" style=\"width: 293px\" class=\"wp-caption alignleft\"><a href=\"http:\/\/vildavastra.se\/mommasblogg\/wp-content\/uploads\/2012\/10\/IMG-ps.jpg\"><img loading=\"lazy\" decoding=\"async\" class=\"size-medium wp-image-5386\" title=\"IMG ps\" src=\"http:\/\/vildavastra.se\/mommasblogg\/wp-content\/uploads\/2012\/10\/IMG-ps-293x419.jpg\" alt=\"En t\u00e4nkv\u00e4rd broschyr !\" width=\"293\" height=\"419\" \/><\/a><figcaption id=\"caption-attachment-5386\" class=\"wp-caption-text\">En t\u00e4nkv\u00e4rd broschyr !<\/figcaption><\/figure>\n<p>Har tidigare ber\u00e4ttat om v\u00e5rt beslut att inte flytta fr\u00e5n Holafors.\u00a0 Beslutet st\u00e5r fast, nu \u00e4nnu mer sedan Kjell fick sin diagnos\u00a0 \/ Parkinssons sjukdom\/. H\u00e4r vill vi stanna i trygghet s\u00e5 l\u00e4nge vi kan. Speciellt nu n\u00e4r vi f\u00e5r bostadsanpassning av v\u00e5rt hem. Men s\u00e5 dyker en principfr\u00e5ga upp.<\/p>\n<p>En f\u00f6rb\u00e4ttring av duschen, samt en rullstolsramp ute, blev v\u00e5r f\u00f6rsta hj\u00e4lp, vilket vi tacksamt tar emot. S\u00e5 till principfr\u00e5gan ?<\/p>\n<p>N\u00e4r man ser sl\u00f6seriet med statens (V\u00c5RA= pengar )till friska m\u00e4nniskor. Ska det vara s\u00e5 sv\u00e5rt att f\u00e5 hj\u00e4lp, f\u00f6r en som drabbats av flera sv\u00e5ra sjukdomar, till s\u00e5 sj\u00e4lvklara medel som varmvatten till duschen. Samt en funktionsduglig kran till till k\u00f6ket.? Jag undrar ?<\/p>\n<p>En ny varmvattenberedare\u00a0+ en diskb\u00e4nksblandare ca :\u00a0 5000 kr tillsammans. Ni som best\u00e4mmer, skaffa broscyren\/ Att leva med Parkinssons sjukdom och l\u00e4s. D\u00e5 kanske ni f\u00f6rst\u00e5r. F\u00f6r oss har det blivit en principfr\u00e5ga.<\/p>\n<p>Jag bara undrar ??<\/p>\n<p>Dagens citat :\u00a0 Det \u00e4r inte meningen att livet ska vara en kamp.<\/p>\n<p>\u00a0<\/p>\n<p>+\u00a0 0,2 gr &#8230;\u00a0\u00a0\u00a0\u00a0\u00a0\u00a0\u00a0\u00a0\u00a0\u00a0\u00a0\u00a0\u00a0\u00a0\u00a0\u00a0\u00a0\u00a0\u00a0\u00a0\u00a0\u00a0\u00a0\u00a0\u00a0\u00a0\u00a0\u00a0\u00a0\u00a0\u00a0\u00a0\u00a0\u00a0\u00a0\u00a0\u00a0\u00a0\u00a0\u00a0\u00a0\u00a0\u00a0\u00a0\u00a0\u00a0\u00a0\u00a0\u00a0 vi h\u00f6rs &#8230;<\/p>\n","protected":false},"excerpt":{"rendered":"<p>Har tidigare ber\u00e4ttat om v\u00e5rt beslut att inte flytta fr\u00e5n Holafors.\u00a0 Beslutet st\u00e5r fast, nu \u00e4nnu mer sedan Kjell fick sin diagnos\u00a0 \/ Parkinssons sjukdom\/. H\u00e4r vill vi stanna i trygghet s\u00e5 l\u00e4nge vi kan. Speciellt nu n\u00e4r vi f\u00e5r bostadsanpassning av v\u00e5rt hem. Men s\u00e5 dyker en principfr\u00e5ga upp. En f\u00f6rb\u00e4ttring av duschen, samt &hellip; <a href=\"https:\/\/mommas.junselebyar.se\/wp\/?p=5382\" class=\"more-link\">Forts\u00e4tt l\u00e4sa <span class=\"screen-reader-text\">Principfr\u00e5ga ? &#8230;<\/span> <span class=\"meta-nav\">&rarr;<\/span><\/a><\/p>\n","protected":false},"author":3,"featured_media":0,"comment_status":"open","ping_status":"closed","sticky":false,"template":"","format":"standard","meta":{"footnotes":""},"categories":[4],"tags":[],"class_list":["post-5382","post","type-post","status-publish","format-standard","hentry","category-fran-holafors"],"_links":{"self":[{"href":"https:\/\/mommas.junselebyar.se\/wp\/index.php?rest_route=\/wp\/v2\/posts\/5382","targetHints":{"allow":["GET"]}}],"collection":[{"href":"https:\/\/mommas.junselebyar.se\/wp\/index.php?rest_route=\/wp\/v2\/posts"}],"about":[{"href":"https:\/\/mommas.junselebyar.se\/wp\/index.php?rest_route=\/wp\/v2\/types\/post"}],"author":[{"embeddable":true,"href":"https:\/\/mommas.junselebyar.se\/wp\/index.php?rest_route=\/wp\/v2\/users\/3"}],"replies":[{"embeddable":true,"href":"https:\/\/mommas.junselebyar.se\/wp\/index.php?rest_route=%2Fwp%2Fv2%2Fcomments&post=5382"}],"version-history":[{"count":0,"href":"https:\/\/mommas.junselebyar.se\/wp\/index.php?rest_route=\/wp\/v2\/posts\/5382\/revisions"}],"wp:attachment":[{"href":"https:\/\/mommas.junselebyar.se\/wp\/index.php?rest_route=%2Fwp%2Fv2%2Fmedia&parent=5382"}],"wp:term":[{"taxonomy":"category","embeddable":true,"href":"https:\/\/mommas.junselebyar.se\/wp\/index.php?rest_route=%2Fwp%2Fv2%2Fcategories&post=5382"},{"taxonomy":"post_tag","embeddable":true,"href":"https:\/\/mommas.junselebyar.se\/wp\/index.php?rest_route=%2Fwp%2Fv2%2Ftags&post=5382"}],"curies":[{"name":"wp","href":"https:\/\/api.w.org\/{rel}","templated":true}]}}