{"id":5391,"date":"2012-10-19T14:31:19","date_gmt":"2012-10-19T12:31:19","guid":{"rendered":"http:\/\/vildavastra.se\/mommasblogg\/?p=5391"},"modified":"2012-10-19T14:31:19","modified_gmt":"2012-10-19T12:31:19","slug":"min-bror","status":"publish","type":"post","link":"https:\/\/mommas.junselebyar.se\/wp\/?p=5391","title":{"rendered":"Min bror &#8230;"},"content":{"rendered":"<p>\u00a0<\/p>\n<dl><\/dl>\n<p><a href=\"http:\/\/mommas.junselebyar.se\/wp\/wp-content\/uploads\/2012\/10\/644744_399610483439078_1536103479_n.jpg\"><\/a><\/p>\n<figure id=\"attachment_5399\" aria-describedby=\"caption-attachment-5399\" style=\"width: 296px\" class=\"wp-caption alignleft\"><a href=\"http:\/\/mommas.junselebyar.se\/wp\/wp-content\/uploads\/2012\/10\/644744_399610483439078_1536103479_n.jpg\"><\/a><\/dt>\n<\/dl>\n<\/div>\n<div class=\"mceTemp\">\n<dl id=\"attachment_5396\" class=\"wp-caption alignleft\" style=\"width: 306px;\">\n<dt class=\"wp-caption-dt\"><a href=\"http:\/\/mommas.junselebyar.se\/wp\/wp-content\/uploads\/2012\/10\/644744_399610483439078_1536103479_n.jpg\"><img loading=\"lazy\" decoding=\"async\" class=\"size-medium wp-image-5396 \" title=\"Jan-Ola\" src=\"http:\/\/mommas.junselebyar.se\/wp\/wp-content\/uploads\/2012\/10\/644744_399610483439078_1536103479_n-296x420.jpg\" alt=\"644744_399610483439078_1536103479_n\" width=\"296\" height=\"420\" \/><\/a><figcaption id=\"caption-attachment-5399\" class=\"wp-caption-text\">Jan-Ola<\/figcaption><\/figure>\n<p>Nu har han \u00e5kt hem min lillebror. Vi har f\u00e5tt en vecka tillsammans, med prat, skratt och minns du.\u00a0 Vi har en m\u00e4rklig gemenskap, fr\u00e5n det vi var sm\u00e5 hemma i Bysj\u00f6n.\u00a0 Alltid var vi tillsammans. Mor sa till mig, Se efter Jan-ola. Och n\u00e4r vi gick &#8221;ner i byn&#8221;\u00a0 genom skogen h\u00f6ll vi alltid\u00a0 varann i hand.\u00a0 Han h\u00f6ll sig alltid till mig.<\/p>\n<p>S\u00e5 kom \u00e5ren med skola, skolhem, egna familjer. Men nu p\u00e5 \u00e5lderns dar, krymper avst\u00e5nden mellan oss, med SMS , mail, facebook mm. Hoppas vi ses snart igen.<\/p>\n<p>I dag har vi \u00e4ven f\u00e5tt en b\u00f6rjan p\u00e5 bostadsanpassningen. En snickare har &#8221;tittat&#8221; p\u00e5 v\u00e5rt badrum. Sp\u00e4nnande att f\u00e5 se forts\u00e4ttningen.<\/p>\n<p>Dagens citat :\u00a0 Det \u00e4r klokt att acceptera verklighetensom den verkligen \u00e4r.<\/p>\n<p>+ 4,8 gr &#8230;\u00a0\u00a0\u00a0\u00a0\u00a0\u00a0\u00a0\u00a0\u00a0\u00a0\u00a0\u00a0\u00a0\u00a0\u00a0\u00a0\u00a0\u00a0\u00a0\u00a0\u00a0\u00a0\u00a0\u00a0\u00a0\u00a0\u00a0\u00a0\u00a0\u00a0\u00a0\u00a0\u00a0\u00a0\u00a0\u00a0\u00a0\u00a0\u00a0\u00a0\u00a0\u00a0\u00a0\u00a0\u00a0\u00a0\u00a0\u00a0\u00a0\u00a0 vi h\u00f6rs &#8230;<\/p>\n<figure id=\"attachment_5399\" aria-describedby=\"caption-attachment-5399\" style=\"width: 275px\" class=\"wp-caption alignleft\"><\/dt>\n<\/dl>\n<\/div>\n<div class=\"mceTemp\">\n<dl id=\"attachment_5399\" class=\"wp-caption alignleft\" style=\"width: 285px;\">\n<dt class=\"wp-caption-dt\"><a href=\"http:\/\/vildavastra.se\/mommasblogg\/wp-content\/uploads\/2012\/10\/IMG-MIN-BROR.jpg\"><img loading=\"lazy\" decoding=\"async\" class=\"size-medium wp-image-5399 \" title=\"Min lillebror\" src=\"http:\/\/vildavastra.se\/mommasblogg\/wp-content\/uploads\/2012\/10\/IMG-MIN-BROR-275x420.jpg\" alt=\"Min bror Jan-Ola och jag hemma i Bysj\u00f6n\" width=\"275\" height=\"420\" \/><\/a><figcaption id=\"caption-attachment-5399\" class=\"wp-caption-text\">Min lillebror<\/figcaption><\/figure>\n","protected":false},"excerpt":{"rendered":"<p>\u00a0 Nu har han \u00e5kt hem min lillebror. Vi har f\u00e5tt en vecka tillsammans, med prat, skratt och minns du.\u00a0 Vi har en m\u00e4rklig gemenskap, fr\u00e5n det vi var sm\u00e5 hemma i Bysj\u00f6n.\u00a0 Alltid var vi tillsammans. Mor sa till mig, Se efter Jan-ola. Och n\u00e4r vi gick &#8221;ner i byn&#8221;\u00a0 genom skogen h\u00f6ll vi &hellip; <a href=\"https:\/\/mommas.junselebyar.se\/wp\/?p=5391\" class=\"more-link\">Forts\u00e4tt l\u00e4sa <span class=\"screen-reader-text\">Min bror &#8230;<\/span> <span class=\"meta-nav\">&rarr;<\/span><\/a><\/p>\n","protected":false},"author":3,"featured_media":0,"comment_status":"open","ping_status":"closed","sticky":false,"template":"","format":"standard","meta":{"footnotes":""},"categories":[4],"tags":[],"class_list":["post-5391","post","type-post","status-publish","format-standard","hentry","category-fran-holafors"],"_links":{"self":[{"href":"https:\/\/mommas.junselebyar.se\/wp\/index.php?rest_route=\/wp\/v2\/posts\/5391","targetHints":{"allow":["GET"]}}],"collection":[{"href":"https:\/\/mommas.junselebyar.se\/wp\/index.php?rest_route=\/wp\/v2\/posts"}],"about":[{"href":"https:\/\/mommas.junselebyar.se\/wp\/index.php?rest_route=\/wp\/v2\/types\/post"}],"author":[{"embeddable":true,"href":"https:\/\/mommas.junselebyar.se\/wp\/index.php?rest_route=\/wp\/v2\/users\/3"}],"replies":[{"embeddable":true,"href":"https:\/\/mommas.junselebyar.se\/wp\/index.php?rest_route=%2Fwp%2Fv2%2Fcomments&post=5391"}],"version-history":[{"count":0,"href":"https:\/\/mommas.junselebyar.se\/wp\/index.php?rest_route=\/wp\/v2\/posts\/5391\/revisions"}],"wp:attachment":[{"href":"https:\/\/mommas.junselebyar.se\/wp\/index.php?rest_route=%2Fwp%2Fv2%2Fmedia&parent=5391"}],"wp:term":[{"taxonomy":"category","embeddable":true,"href":"https:\/\/mommas.junselebyar.se\/wp\/index.php?rest_route=%2Fwp%2Fv2%2Fcategories&post=5391"},{"taxonomy":"post_tag","embeddable":true,"href":"https:\/\/mommas.junselebyar.se\/wp\/index.php?rest_route=%2Fwp%2Fv2%2Ftags&post=5391"}],"curies":[{"name":"wp","href":"https:\/\/api.w.org\/{rel}","templated":true}]}}