{"id":5402,"date":"2012-10-20T11:08:48","date_gmt":"2012-10-20T09:08:48","guid":{"rendered":"http:\/\/vildavastra.se\/mommasblogg\/?p=5402"},"modified":"2012-10-20T11:08:48","modified_gmt":"2012-10-20T09:08:48","slug":"mormorsmor","status":"publish","type":"post","link":"https:\/\/mommas.junselebyar.se\/wp\/?p=5402","title":{"rendered":"Mormorsmor &#8230;"},"content":{"rendered":"<figure id=\"attachment_5412\" aria-describedby=\"caption-attachment-5412\" style=\"width: 315px\" class=\"wp-caption alignnone\"><img loading=\"lazy\" decoding=\"async\" class=\"size-medium wp-image-5412  \" title=\"P\u00e5 bes\u00f6k hos Hardy\" src=\"http:\/\/vildavastra.se\/mommasblogg\/wp-content\/uploads\/2012\/10\/PA150388-315x420.jpg\" alt=\"P\u00e5 bes\u00f6k hos Hardy\" width=\"315\" height=\"420\" \/><figcaption id=\"caption-attachment-5412\" class=\"wp-caption-text\">P\u00e5 bes\u00f6k hos Hardy<\/figcaption><\/figure>\n<p>Jag \u00e4r ju inte bara &#8221;Momma&#8221; utan ocks\u00e5 &#8221;Mommas-Momma&#8221;\u00a0 till tv\u00e5 sm\u00e5 killar, Gusten och Sigge-Fabian. Vi ses inte s\u00e5 ofta d\u00e5\u00a0de bor i J\u00e4rna. Men mamma Linda skickar teckningar, bilder p\u00e5 mms till b\u00e5de\u00a0 mig och&#8221;moffa Kjell&#8221; som de kallar honom, s\u00e5 ses vi ju p\u00e5 Facebook. K\u00e4nns \u00e4nd\u00e5 n\u00e4ra men f\u00f6r l\u00e5ngt bort f\u00f6r en kram. Men till jul\u00a0tr\u00e4ffas vi. Om tv\u00e5 m\u00e5nader f\u00e5r vi h\u00e4lsa \u00e4nnu ett litet barnbarnsbarn v\u00e4lkommen till v\u00e4rlden. En ny gren p\u00e5 v\u00e5rt sl\u00e4kttr\u00e4d.<\/p>\n<p>Mycket n\u00e4rmare har vi Hardy, som bor i Junsele och\u00a0vi \u00e4r Farfarsf\u00f6r\u00e4ldrar till. En riktig liten charmgosse, som vi f\u00e5r sl\u00f6sa k\u00e4rlek p\u00e5, nu senast n\u00e4r vi h\u00e4lsade p\u00e5 honom i b\u00f6rjan av veckan. Hardy har haft oturen att f\u00f6das men en mycket ovanlig sjukdom, med med en snabb l\u00e4karinsats och f\u00f6r\u00e4ldrarnas omsorg, noggran diet och medicinering\u00a0\u00e4r han symtomfri.<\/p>\n<p>Jag har en l\u00e4nk h\u00e4r p\u00e5\u00a0 bloggen om Hardy i h\u00f6gerspalten.<\/p>\n<p>Dagens citat :\u00a0 Vi m\u00e5r bra av att till oss vardagens gl\u00e4djestunder.<\/p>\n<p>&#8211; 6 gr&#8230;\u00a0\u00a0\u00a0\u00a0\u00a0\u00a0\u00a0\u00a0\u00a0\u00a0\u00a0\u00a0\u00a0\u00a0\u00a0\u00a0\u00a0\u00a0\u00a0\u00a0\u00a0\u00a0\u00a0\u00a0\u00a0\u00a0\u00a0\u00a0\u00a0\u00a0\u00a0\u00a0\u00a0\u00a0\u00a0\u00a0\u00a0\u00a0\u00a0\u00a0\u00a0\u00a0\u00a0\u00a0\u00a0\u00a0\u00a0\u00a0\u00a0\u00a0\u00a0\u00a0\u00a0\u00a0\u00a0\u00a0\u00a0\u00a0\u00a0\u00a0\u00a0\u00a0\u00a0\u00a0\u00a0\u00a0\u00a0\u00a0\u00a0\u00a0 vi h\u00f6rs &#8230;<\/p>\n","protected":false},"excerpt":{"rendered":"<p>Jag \u00e4r ju inte bara &#8221;Momma&#8221; utan ocks\u00e5 &#8221;Mommas-Momma&#8221;\u00a0 till tv\u00e5 sm\u00e5 killar, Gusten och Sigge-Fabian. Vi ses inte s\u00e5 ofta d\u00e5\u00a0de bor i J\u00e4rna. Men mamma Linda skickar teckningar, bilder p\u00e5 mms till b\u00e5de\u00a0 mig och&#8221;moffa Kjell&#8221; som de kallar honom, s\u00e5 ses vi ju p\u00e5 Facebook. K\u00e4nns \u00e4nd\u00e5 n\u00e4ra men f\u00f6r l\u00e5ngt bort &hellip; <a href=\"https:\/\/mommas.junselebyar.se\/wp\/?p=5402\" class=\"more-link\">Forts\u00e4tt l\u00e4sa <span class=\"screen-reader-text\">Mormorsmor &#8230;<\/span> <span class=\"meta-nav\">&rarr;<\/span><\/a><\/p>\n","protected":false},"author":3,"featured_media":0,"comment_status":"open","ping_status":"closed","sticky":false,"template":"","format":"standard","meta":{"footnotes":""},"categories":[4],"tags":[],"class_list":["post-5402","post","type-post","status-publish","format-standard","hentry","category-fran-holafors"],"_links":{"self":[{"href":"https:\/\/mommas.junselebyar.se\/wp\/index.php?rest_route=\/wp\/v2\/posts\/5402","targetHints":{"allow":["GET"]}}],"collection":[{"href":"https:\/\/mommas.junselebyar.se\/wp\/index.php?rest_route=\/wp\/v2\/posts"}],"about":[{"href":"https:\/\/mommas.junselebyar.se\/wp\/index.php?rest_route=\/wp\/v2\/types\/post"}],"author":[{"embeddable":true,"href":"https:\/\/mommas.junselebyar.se\/wp\/index.php?rest_route=\/wp\/v2\/users\/3"}],"replies":[{"embeddable":true,"href":"https:\/\/mommas.junselebyar.se\/wp\/index.php?rest_route=%2Fwp%2Fv2%2Fcomments&post=5402"}],"version-history":[{"count":0,"href":"https:\/\/mommas.junselebyar.se\/wp\/index.php?rest_route=\/wp\/v2\/posts\/5402\/revisions"}],"wp:attachment":[{"href":"https:\/\/mommas.junselebyar.se\/wp\/index.php?rest_route=%2Fwp%2Fv2%2Fmedia&parent=5402"}],"wp:term":[{"taxonomy":"category","embeddable":true,"href":"https:\/\/mommas.junselebyar.se\/wp\/index.php?rest_route=%2Fwp%2Fv2%2Fcategories&post=5402"},{"taxonomy":"post_tag","embeddable":true,"href":"https:\/\/mommas.junselebyar.se\/wp\/index.php?rest_route=%2Fwp%2Fv2%2Ftags&post=5402"}],"curies":[{"name":"wp","href":"https:\/\/api.w.org\/{rel}","templated":true}]}}