{"id":5421,"date":"2012-10-24T15:11:02","date_gmt":"2012-10-24T13:11:02","guid":{"rendered":"http:\/\/vildavastra.se\/mommasblogg\/?p=5421"},"modified":"2012-10-24T15:11:02","modified_gmt":"2012-10-24T13:11:02","slug":"natt-pa-gang","status":"publish","type":"post","link":"https:\/\/mommas.junselebyar.se\/wp\/?p=5421","title":{"rendered":"N\u00e5tt p\u00e5 g\u00e5ng &#8230;"},"content":{"rendered":"<div class=\"mceTemp\">\n<div class=\"mceTemp\">\n<figure id=\"attachment_5431\" aria-describedby=\"caption-attachment-5431\" style=\"width: 420px\" class=\"wp-caption alignleft\"><a href=\"http:\/\/vildavastra.se\/mommasblogg\/wp-content\/uploads\/2012\/10\/Kjell-p\u00e5-rovtur.jpg\"><img loading=\"lazy\" decoding=\"async\" class=\"size-medium wp-image-5431\" title=\"Kjell p\u00e5 rovtur\" src=\"http:\/\/vildavastra.se\/mommasblogg\/wp-content\/uploads\/2012\/10\/Kjell-p\u00e5-rovtur-420x262.jpg\" alt=\"Kjell p\u00e5 v\u00e4g mot en provtur\" width=\"420\" height=\"262\" \/><\/a><figcaption id=\"caption-attachment-5431\" class=\"wp-caption-text\">Kjell p\u00e5 v\u00e4g mot en provtur<\/figcaption><\/figure>\n<dl id=\"attachment_5428\" class=\"wp-caption alignleft\" style=\"width: 430px;\">\n<dt class=\"wp-caption-dt\"><a href=\"http:\/\/vildavastra.se\/mommasblogg\/wp-content\/uploads\/2012\/10\/100_3411-F\u00e4rdigmonterad.jpg\"><img loading=\"lazy\" decoding=\"async\" class=\"size-medium wp-image-5428\" title=\"100_3411 F\u00e4rdigmonterad\" src=\"http:\/\/vildavastra.se\/mommasblogg\/wp-content\/uploads\/2012\/10\/100_3411-F\u00e4rdigmonterad-420x315.jpg\" alt=\"Rampen f\u00e4rdigmonterad\" width=\"420\" height=\"315\" \/><\/a><\/dt>\n<dd class=\"wp-caption-dd\">Rampen f\u00e4rdigmonterad<\/dd>\n<\/dl>\n<\/div>\n<dl id=\"attachment_5425\" class=\"wp-caption alignleft\" style=\"width: 430px;\">\n<dt class=\"wp-caption-dt\"><a href=\"http:\/\/vildavastra.se\/mommasblogg\/wp-content\/uploads\/2012\/10\/100_3406-Badrum1.jpg\"><img loading=\"lazy\" decoding=\"async\" class=\"size-medium wp-image-5425\" title=\"100_3406 Badrum\" src=\"http:\/\/vildavastra.se\/mommasblogg\/wp-content\/uploads\/2012\/10\/100_3406-Badrum1-420x315.jpg\" alt=\"Ej handikappv\u00e4nligt\" width=\"420\" height=\"315\" \/><\/a><\/dt>\n<dd class=\"wp-caption-dd\">Ej handikappv\u00e4nligt<\/dd>\n<\/dl>\n<\/div>\n<figure id=\"attachment_5426\" aria-describedby=\"caption-attachment-5426\" style=\"width: 420px\" class=\"wp-caption alignleft\"><a href=\"http:\/\/vildavastra.se\/mommasblogg\/wp-content\/uploads\/2012\/10\/100_3410-Kent-Ola-och-ramp.jpg\"><img loading=\"lazy\" decoding=\"async\" class=\"size-medium wp-image-5426\" title=\"100_3410 Kent- Ola och ramp\" src=\"http:\/\/vildavastra.se\/mommasblogg\/wp-content\/uploads\/2012\/10\/100_3410-Kent-Ola-och-ramp-420x315.jpg\" alt=\"Rampen p\u00e5 g\u00e5ng\" width=\"420\" height=\"315\" \/><\/a><figcaption id=\"caption-attachment-5426\" class=\"wp-caption-text\">Rampen p\u00e5 g\u00e5ng<\/figcaption><\/figure>\n<p>Nu \u00e4r det n\u00e5t p\u00e5 g\u00e5ng av det som blivit utlovat, och det som beh\u00f6vs f\u00f6r att vi ska kunna bo kvar h\u00e4r hemma. I morse kom Kent- Ola Karlstr\u00f6m med rampen till bron. Men oj vad stor den va. Vi f\u00e5r nog f\u00e4lla n\u00e5gra buskar f\u00f6r att traktorn f\u00f6r sn\u00f6r\u00f6jningen ska ta sig fram. F\u00f6r sn\u00f6 blir det ju. Kjell provgick och det var ju l\u00e4ttsammare \u00e4n att vi b\u00e5da ska kr\u00e5ngla ner rullatorn utf\u00f6r trappstegen p\u00e5 bron.<\/p>\n<p>Badrummet\u00a0 med duschen har vi t\u00f6mt, s\u00e5 nu f\u00e5r vi duscha f\u00f6r \u00f6ppen rid\u00e5 tills vi f\u00e5r in duschkabinen. Vi f\u00e5r s\u00e4ga som Kjells Mor sa &#8221; Si d\u00f6m na mer \u00e4n va gu ha\u00a0sk\u00e4pa, fo d\u00f6m f\u00f6ll st\u00e5 d\u00e4r \u00e5 b\u00e5 skratt\u00e4 \u00e5 g\u00e4pa&#8221;\u00a0 Lite knepigt blir det ju, f\u00f6r vi har bara en toa. D\u00f6rren m\u00e5ste bytas ut till en bredare, f\u00f6r rullator och ev, rullstol. Men kommer dag kommer r\u00e5d. Allt ska nog ordna sig till sist.<\/p>\n<p>\u00c4r glad \u00f6ver min mentala tr\u00e4ning, som l\u00e4rt mig att ta allt med ro och leva i nuet., dag f\u00f6r dag. Speciellt nu n\u00e4r Kjell inte har n\u00e5gon bot f\u00f6r sina sjukdomar, utan kanske f\u00f6rs\u00e4mras med \u00e5ldern. Men tack och lov f\u00f6r v\u00e5ra sn\u00e4lla barn m.fam. som st\u00e4ller upp i v\u00e5tt och torrt. Det \u00e4r guld v\u00e4rt.<\/p>\n<p>Dagens citat : Ju mer vi ger, desto mer kommer tillbaka till oss.<\/p>\n<p>+ 7 gr&#8230; sol\u00a0\u00a0\u00a0\u00a0\u00a0\u00a0\u00a0\u00a0\u00a0\u00a0\u00a0\u00a0\u00a0\u00a0\u00a0\u00a0\u00a0\u00a0\u00a0\u00a0\u00a0\u00a0\u00a0\u00a0\u00a0\u00a0\u00a0\u00a0\u00a0\u00a0\u00a0\u00a0\u00a0\u00a0\u00a0\u00a0\u00a0\u00a0\u00a0\u00a0\u00a0\u00a0\u00a0\u00a0\u00a0\u00a0\u00a0\u00a0\u00a0\u00a0\u00a0\u00a0\u00a0\u00a0\u00a0\u00a0\u00a0\u00a0\u00a0\u00a0\u00a0\u00a0\u00a0\u00a0\u00a0 vi h\u00f6rs<\/p>\n","protected":false},"excerpt":{"rendered":"<p>Rampen f\u00e4rdigmonterad Ej handikappv\u00e4nligt Nu \u00e4r det n\u00e5t p\u00e5 g\u00e5ng av det som blivit utlovat, och det som beh\u00f6vs f\u00f6r att vi ska kunna bo kvar h\u00e4r hemma. I morse kom Kent- Ola Karlstr\u00f6m med rampen till bron. Men oj vad stor den va. Vi f\u00e5r nog f\u00e4lla n\u00e5gra buskar f\u00f6r att traktorn f\u00f6r sn\u00f6r\u00f6jningen &hellip; <a href=\"https:\/\/mommas.junselebyar.se\/wp\/?p=5421\" class=\"more-link\">Forts\u00e4tt l\u00e4sa <span class=\"screen-reader-text\">N\u00e5tt p\u00e5 g\u00e5ng &#8230;<\/span> <span class=\"meta-nav\">&rarr;<\/span><\/a><\/p>\n","protected":false},"author":3,"featured_media":0,"comment_status":"open","ping_status":"closed","sticky":false,"template":"","format":"standard","meta":{"footnotes":""},"categories":[4],"tags":[],"class_list":["post-5421","post","type-post","status-publish","format-standard","hentry","category-fran-holafors"],"_links":{"self":[{"href":"https:\/\/mommas.junselebyar.se\/wp\/index.php?rest_route=\/wp\/v2\/posts\/5421","targetHints":{"allow":["GET"]}}],"collection":[{"href":"https:\/\/mommas.junselebyar.se\/wp\/index.php?rest_route=\/wp\/v2\/posts"}],"about":[{"href":"https:\/\/mommas.junselebyar.se\/wp\/index.php?rest_route=\/wp\/v2\/types\/post"}],"author":[{"embeddable":true,"href":"https:\/\/mommas.junselebyar.se\/wp\/index.php?rest_route=\/wp\/v2\/users\/3"}],"replies":[{"embeddable":true,"href":"https:\/\/mommas.junselebyar.se\/wp\/index.php?rest_route=%2Fwp%2Fv2%2Fcomments&post=5421"}],"version-history":[{"count":0,"href":"https:\/\/mommas.junselebyar.se\/wp\/index.php?rest_route=\/wp\/v2\/posts\/5421\/revisions"}],"wp:attachment":[{"href":"https:\/\/mommas.junselebyar.se\/wp\/index.php?rest_route=%2Fwp%2Fv2%2Fmedia&parent=5421"}],"wp:term":[{"taxonomy":"category","embeddable":true,"href":"https:\/\/mommas.junselebyar.se\/wp\/index.php?rest_route=%2Fwp%2Fv2%2Fcategories&post=5421"},{"taxonomy":"post_tag","embeddable":true,"href":"https:\/\/mommas.junselebyar.se\/wp\/index.php?rest_route=%2Fwp%2Fv2%2Ftags&post=5421"}],"curies":[{"name":"wp","href":"https:\/\/api.w.org\/{rel}","templated":true}]}}