{"id":5436,"date":"2012-10-26T11:23:37","date_gmt":"2012-10-26T09:23:37","guid":{"rendered":"http:\/\/vildavastra.se\/mommasblogg\/?p=5436"},"modified":"2012-10-26T11:23:37","modified_gmt":"2012-10-26T09:23:37","slug":"aterblick","status":"publish","type":"post","link":"https:\/\/mommas.junselebyar.se\/wp\/?p=5436","title":{"rendered":"\u00c5terblick &#8230;"},"content":{"rendered":"<p><a href=\"http:\/\/vildavastra.se\/mommasblogg\/wp-content\/uploads\/2012\/10\/100_3412-tacos.jpg\"><\/a><a href=\"http:\/\/vildavastra.se\/mommasblogg\/wp-content\/uploads\/2012\/10\/100_3412-tacos.jpg\"><\/a><\/p>\n<figure id=\"attachment_5445\" aria-describedby=\"caption-attachment-5445\" style=\"width: 420px\" class=\"wp-caption alignleft\"><a href=\"http:\/\/vildavastra.se\/mommasblogg\/wp-content\/uploads\/2012\/10\/100_3321-h\u00e4llan1.jpg\"><img loading=\"lazy\" decoding=\"async\" class=\"size-medium wp-image-5445 \" title=\" En \u00e5terblick som \u00e4r v\u00e4rd att minnas \u00e4r fr\u00e5n Bysj\u00f6n.\" src=\"http:\/\/vildavastra.se\/mommasblogg\/wp-content\/uploads\/2012\/10\/100_3321-h\u00e4llan1-420x315.jpg\" alt=\"H\u00e4llan\" width=\"420\" height=\"315\" \/><\/a><figcaption id=\"caption-attachment-5445\" class=\"wp-caption-text\">En \u00e5terblick som \u00e4r v\u00e4rd att minnas \u00e4r fr\u00e5n Bysj\u00f6n.<\/figcaption><\/figure>\n<p>\u00a0<\/p>\n<figure id=\"attachment_5442\" aria-describedby=\"caption-attachment-5442\" style=\"width: 420px\" class=\"wp-caption alignleft\"><a href=\"http:\/\/vildavastra.se\/mommasblogg\/wp-content\/uploads\/2012\/10\/100_3320-b\u00e5t.jpg\"><img loading=\"lazy\" decoding=\"async\" class=\"size-medium wp-image-5442 \" title=\"Bysj\u00f6n\" src=\"http:\/\/vildavastra.se\/mommasblogg\/wp-content\/uploads\/2012\/10\/100_3320-b\u00e5t-420x315.jpg\" alt=\"B\u00e5ten Ada\" width=\"420\" height=\"315\" \/><\/a><figcaption id=\"caption-attachment-5442\" class=\"wp-caption-text\">Bysj\u00f6n<\/figcaption><\/figure>\n<p><a href=\"http:\/\/vildavastra.se\/mommasblogg\/wp-content\/uploads\/2012\/10\/100_3412-tacos.jpg\"><\/a><\/p>\n<p class=\"wp-caption-dd\">\u00a0<\/p>\n<div class=\"mceTemp\">\n<dl><\/dl>\n<\/div>\n<dl id=\"attachment_5442\" class=\"wp-caption alignleft\" style=\"width: 430px;\">\n<dt class=\"wp-caption-dt\"><a href=\"http:\/\/vildavastra.se\/mommasblogg\/wp-content\/uploads\/2012\/10\/100_3412-tacos.jpg\"><img loading=\"lazy\" decoding=\"async\" class=\"size-medium wp-image-5438 \" title=\"Tacos\" src=\"http:\/\/vildavastra.se\/mommasblogg\/wp-content\/uploads\/2012\/10\/100_3412-tacos-420x315.jpg\" alt=\"100_3412 tacos\" width=\"420\" height=\"315\" \/><\/a>\u00a0<\/p>\n<div class=\"mceTemp\">\u00a0<\/div>\n<\/dt>\n<\/dl>\n<p>Det sn\u00f6ar ute idag, \u00e4r halvkymigt. D\u00e5 \u00e4r det l\u00e4tt att l\u00e5ta tankarna \u00e5terv\u00e4nda till mysigare dagar. Som i onsdagskv\u00e4ll n\u00e4r barnbarnet Teodor, ville komma och bjuda oss p\u00e5 Tacos. Han \u00f6vertalade pappa Tomas och mamma Madde att det va en bra ide. Snart stod dom\u00a0 hemma i v\u00e5rt k\u00f6k, hackade, stekte och dukade bordet, med allt som ing\u00e5r i en tackos\u00a0. Det blev f\u00f6r oss en riktig \u00f6verraskning och gott var. En annan \u00e5terblick \u00e4r fr\u00e5n Bysj\u00f6n. Sommaren 1954 t\u00e4ltade Kjell och jag p\u00e5 andra sidan sj\u00f6n i en liten gl\u00e4nta med en stenh\u00e4ll. Vi d\u00f6pte den till Gl\u00e4ntan. Nostalgiskt att i somras st\u00e5 d\u00e4r p\u00e5 stranden och minnas.\u00a0 Vid stranden l\u00e5g b\u00e5ten Ada f\u00f6rt\u00f6ljd. Uppkallad efter min Mor Ada.<\/p>\n<div>Dagens citat :\u00a0\u00a0 Ju mer tacksamma vi \u00e4r, desto mer f\u00e5r vi att vara tacksamma \u00f6ver.<\/div>\n<div>&#8211; 4 gr\u00a0\u00a0\u00a0 sn\u00f6skurar&#8230;..\u00a0\u00a0\u00a0\u00a0\u00a0\u00a0\u00a0\u00a0\u00a0\u00a0\u00a0\u00a0\u00a0\u00a0\u00a0\u00a0\u00a0\u00a0\u00a0\u00a0\u00a0\u00a0\u00a0\u00a0\u00a0\u00a0\u00a0\u00a0\u00a0\u00a0\u00a0\u00a0\u00a0\u00a0\u00a0\u00a0\u00a0\u00a0\u00a0\u00a0\u00a0\u00a0\u00a0\u00a0\u00a0\u00a0\u00a0\u00a0\u00a0\u00a0\u00a0\u00a0\u00a0\u00a0\u00a0\u00a0 vi h\u00f6rs &#8230;<\/div>\n","protected":false},"excerpt":{"rendered":"<p>\u00a0 \u00a0 \u00a0 \u00a0 Det sn\u00f6ar ute idag, \u00e4r halvkymigt. D\u00e5 \u00e4r det l\u00e4tt att l\u00e5ta tankarna \u00e5terv\u00e4nda till mysigare dagar. Som i onsdagskv\u00e4ll n\u00e4r barnbarnet Teodor, ville komma och bjuda oss p\u00e5 Tacos. Han \u00f6vertalade pappa Tomas och mamma Madde att det va en bra ide. Snart stod dom\u00a0 hemma i v\u00e5rt k\u00f6k, hackade, &hellip; <a href=\"https:\/\/mommas.junselebyar.se\/wp\/?p=5436\" class=\"more-link\">Forts\u00e4tt l\u00e4sa <span class=\"screen-reader-text\">\u00c5terblick &#8230;<\/span> <span class=\"meta-nav\">&rarr;<\/span><\/a><\/p>\n","protected":false},"author":3,"featured_media":0,"comment_status":"open","ping_status":"closed","sticky":false,"template":"","format":"standard","meta":{"footnotes":""},"categories":[4],"tags":[],"class_list":["post-5436","post","type-post","status-publish","format-standard","hentry","category-fran-holafors"],"_links":{"self":[{"href":"https:\/\/mommas.junselebyar.se\/wp\/index.php?rest_route=\/wp\/v2\/posts\/5436","targetHints":{"allow":["GET"]}}],"collection":[{"href":"https:\/\/mommas.junselebyar.se\/wp\/index.php?rest_route=\/wp\/v2\/posts"}],"about":[{"href":"https:\/\/mommas.junselebyar.se\/wp\/index.php?rest_route=\/wp\/v2\/types\/post"}],"author":[{"embeddable":true,"href":"https:\/\/mommas.junselebyar.se\/wp\/index.php?rest_route=\/wp\/v2\/users\/3"}],"replies":[{"embeddable":true,"href":"https:\/\/mommas.junselebyar.se\/wp\/index.php?rest_route=%2Fwp%2Fv2%2Fcomments&post=5436"}],"version-history":[{"count":0,"href":"https:\/\/mommas.junselebyar.se\/wp\/index.php?rest_route=\/wp\/v2\/posts\/5436\/revisions"}],"wp:attachment":[{"href":"https:\/\/mommas.junselebyar.se\/wp\/index.php?rest_route=%2Fwp%2Fv2%2Fmedia&parent=5436"}],"wp:term":[{"taxonomy":"category","embeddable":true,"href":"https:\/\/mommas.junselebyar.se\/wp\/index.php?rest_route=%2Fwp%2Fv2%2Fcategories&post=5436"},{"taxonomy":"post_tag","embeddable":true,"href":"https:\/\/mommas.junselebyar.se\/wp\/index.php?rest_route=%2Fwp%2Fv2%2Ftags&post=5436"}],"curies":[{"name":"wp","href":"https:\/\/api.w.org\/{rel}","templated":true}]}}