{"id":5463,"date":"2012-10-29T17:49:01","date_gmt":"2012-10-29T16:49:01","guid":{"rendered":"http:\/\/vildavastra.se\/mommasblogg\/?p=5463"},"modified":"2012-10-29T17:49:01","modified_gmt":"2012-10-29T16:49:01","slug":"en-vecka-av-stora-och-sma-handelser","status":"publish","type":"post","link":"https:\/\/mommas.junselebyar.se\/wp\/?p=5463","title":{"rendered":"En vecka av stora och sm\u00e5 h\u00e4ndelser&#8230;"},"content":{"rendered":"<figure id=\"attachment_5469\" aria-describedby=\"caption-attachment-5469\" style=\"width: 420px\" class=\"wp-caption alignleft\"><a href=\"http:\/\/vildavastra.se\/mommasblogg\/wp-content\/uploads\/2012\/10\/100_3414-avlopp.jpg\"><img loading=\"lazy\" decoding=\"async\" class=\"size-medium wp-image-5469\" title=\"100_3414 avlopp\" src=\"http:\/\/vildavastra.se\/mommasblogg\/wp-content\/uploads\/2012\/10\/100_3414-avlopp-420x315.jpg\" alt=\"S\u00e5 ser en&quot;olaglig&quot; golvbrunn ut\" width=\"420\" height=\"315\" \/><\/a><figcaption id=\"caption-attachment-5469\" class=\"wp-caption-text\">S\u00e5 ser en&quot;olaglig&quot; golvbrunn ut<\/figcaption><\/figure>\n<p>Ni kanske ocks\u00e5 k\u00e4nt att vissa veckor flyter f\u00f6rbi utan st\u00f6rre h\u00e4ndelser eller problem. Eller att vissa \u00e4r fyllda\u00a0 av olika tunga och sv\u00e5ra problem.<\/p>\n<p>Inget kan v\u00e4l vara st\u00f6rre \u00e4n n\u00e4r en familjemedlem till n\u00e5gon av v\u00e5ra barn,\u00a0efter sv\u00e5r sjukdom l\u00e4mnar jordelivet. Man f\u00e5r sig en tankest\u00e4llare om att livet inte \u00e4r f\u00f6r evigt. Speciellt n\u00e4r man som vi n\u00e4rmar oss 80 strecket. Kjell fick ocks\u00e5 i b\u00f6rjan av veckan veta att hans hj\u00e4rtbesv\u00e4r \u00e4r kroniska. N\u00e5gon mer elkonvertering g\u00e5r ej att g\u00f6ras. Han f\u00e5r leva vidare med vad det inneb\u00e4r,liksom med hans \u00f6vriga handikapp.<\/p>\n<p>S\u00e5 det h\u00e4r med bostadsanpassningen.Det k\u00e4nns som att vi st\u00e5r d\u00e4r och luras, om att vi- Kjell,\u00a0beh\u00f6ver vissa saker f\u00f6r att underl\u00e4tta vardagen. Allt ska ifr\u00e5gas\u00e4ttas. Som nu det h\u00e4r med duschen,att golv brunn \u00e4r olaglig\u00a0och m\u00e5ste utbytas.Den har fungerat alla \u00e5r tidigare. D\u00e4remot att d\u00f6rren in\u00a0till badrummet\u00a0\u00e4r f\u00f6r smal bara 60 cm, har ingen betydelse. Vem \u00e4r det som best\u00e4mmer ?\u00a0 EU-Kommun eller ? Men en rej\u00e4l uteramp ska det vara, enlig best\u00e4mmelserna. Och vi tackar f\u00f6r den.<\/p>\n<p>Veckan avslutades med en annan ruskig h\u00e4ndelse.\u00a0 Det h\u00e4nde ett mord av en kvinna i Ume\u00e5, d\u00e4r \u00e4ven l\u00e4genheten sattes i brand. D\u00e4r i h\u00e4ndelsens mitt, v\u00e5ningen under, befann sig v\u00e5rt barnbarn Amanda tillsammans med tre v\u00e4nninor. Allt gick bra f\u00f6r dom som tur var. Men oron och tankarna malde innan vi f\u00e5tt veta.\u00a0 Innan veckan helt avslutades fick vi ett &#8221;gl\u00e4djebes\u00f6k&#8221;. Lill Hardy med mor och moster kom p\u00e5 bes\u00f6k, och alla sv\u00e5ra tankar f\u00f6rsvann med ens inf\u00f6r\u00a0hans underbara leende och hans och deras\u00a0n\u00e4rvaro.<\/p>\n<p>Nu b\u00f6rjar en ny vecka med hantverkare,l\u00e4ngtar att f\u00e5 duscha &#8221;normalt&#8221; igen.\u00a0\u00a0\u00a0\u00a0 Vi h\u00f6rs&#8230;<\/p>\n<p>&#8211; 2 gr&#8230; sn\u00f6fall<\/p>\n","protected":false},"excerpt":{"rendered":"<p>Ni kanske ocks\u00e5 k\u00e4nt att vissa veckor flyter f\u00f6rbi utan st\u00f6rre h\u00e4ndelser eller problem. Eller att vissa \u00e4r fyllda\u00a0 av olika tunga och sv\u00e5ra problem. Inget kan v\u00e4l vara st\u00f6rre \u00e4n n\u00e4r en familjemedlem till n\u00e5gon av v\u00e5ra barn,\u00a0efter sv\u00e5r sjukdom l\u00e4mnar jordelivet. Man f\u00e5r sig en tankest\u00e4llare om att livet inte \u00e4r f\u00f6r evigt. &hellip; <a href=\"https:\/\/mommas.junselebyar.se\/wp\/?p=5463\" class=\"more-link\">Forts\u00e4tt l\u00e4sa <span class=\"screen-reader-text\">En vecka av stora och sm\u00e5 h\u00e4ndelser&#8230;<\/span> <span class=\"meta-nav\">&rarr;<\/span><\/a><\/p>\n","protected":false},"author":3,"featured_media":0,"comment_status":"open","ping_status":"closed","sticky":false,"template":"","format":"standard","meta":{"footnotes":""},"categories":[4],"tags":[],"class_list":["post-5463","post","type-post","status-publish","format-standard","hentry","category-fran-holafors"],"_links":{"self":[{"href":"https:\/\/mommas.junselebyar.se\/wp\/index.php?rest_route=\/wp\/v2\/posts\/5463","targetHints":{"allow":["GET"]}}],"collection":[{"href":"https:\/\/mommas.junselebyar.se\/wp\/index.php?rest_route=\/wp\/v2\/posts"}],"about":[{"href":"https:\/\/mommas.junselebyar.se\/wp\/index.php?rest_route=\/wp\/v2\/types\/post"}],"author":[{"embeddable":true,"href":"https:\/\/mommas.junselebyar.se\/wp\/index.php?rest_route=\/wp\/v2\/users\/3"}],"replies":[{"embeddable":true,"href":"https:\/\/mommas.junselebyar.se\/wp\/index.php?rest_route=%2Fwp%2Fv2%2Fcomments&post=5463"}],"version-history":[{"count":0,"href":"https:\/\/mommas.junselebyar.se\/wp\/index.php?rest_route=\/wp\/v2\/posts\/5463\/revisions"}],"wp:attachment":[{"href":"https:\/\/mommas.junselebyar.se\/wp\/index.php?rest_route=%2Fwp%2Fv2%2Fmedia&parent=5463"}],"wp:term":[{"taxonomy":"category","embeddable":true,"href":"https:\/\/mommas.junselebyar.se\/wp\/index.php?rest_route=%2Fwp%2Fv2%2Fcategories&post=5463"},{"taxonomy":"post_tag","embeddable":true,"href":"https:\/\/mommas.junselebyar.se\/wp\/index.php?rest_route=%2Fwp%2Fv2%2Ftags&post=5463"}],"curies":[{"name":"wp","href":"https:\/\/api.w.org\/{rel}","templated":true}]}}