{"id":5472,"date":"2012-10-31T05:25:29","date_gmt":"2012-10-31T04:25:29","guid":{"rendered":"http:\/\/vildavastra.se\/mommasblogg\/?p=5472"},"modified":"2012-10-31T05:25:29","modified_gmt":"2012-10-31T04:25:29","slug":"vinter","status":"publish","type":"post","link":"https:\/\/mommas.junselebyar.se\/wp\/?p=5472","title":{"rendered":"Vinter ! ?&#8230;"},"content":{"rendered":"<div class=\"mceTemp\">\n<figure id=\"attachment_5481\" aria-describedby=\"caption-attachment-5481\" style=\"width: 420px\" class=\"wp-caption alignleft\"><a href=\"http:\/\/vildavastra.se\/mommasblogg\/wp-content\/uploads\/2012\/10\/100_3419f\u00f6rsta-sn\u00f6n.jpg\"><img loading=\"lazy\" decoding=\"async\" class=\"size-medium wp-image-5481\" title=\"100_3419f\u00f6rsta sn\u00f6n\" src=\"http:\/\/vildavastra.se\/mommasblogg\/wp-content\/uploads\/2012\/10\/100_3419f\u00f6rsta-sn\u00f6n-420x315.jpg\" alt=\"Vinterkv\u00e4ll...\" width=\"420\" height=\"315\" \/><\/a><figcaption id=\"caption-attachment-5481\" class=\"wp-caption-text\">Vinterkv\u00e4ll...<\/figcaption><\/figure>\n<dl id=\"attachment_5479\" class=\"wp-caption alignleft\" style=\"width: 430px;\">\n<dt class=\"wp-caption-dt\"><a href=\"http:\/\/vildavastra.se\/mommasblogg\/wp-content\/uploads\/2012\/10\/100_3417-bullbak1.jpg\"><img loading=\"lazy\" decoding=\"async\" class=\"size-medium wp-image-5479\" title=\"100_3417 bullbak\" src=\"http:\/\/vildavastra.se\/mommasblogg\/wp-content\/uploads\/2012\/10\/100_3417-bullbak1-420x315.jpg\" alt=\"kanelbullar \u00e4r j\u00e4ttegott!\" width=\"420\" height=\"315\" \/><\/a><\/dt>\n<dd class=\"wp-caption-dd\">kanelbullar \u00e4r j\u00e4ttegott!<\/dd>\n<\/dl>\n<\/div>\n<p>S\u00e5 har vintern kommit, lite f\u00f6r tidigt tycker jag. Hinner s\u00e4llan f\u00f6rbereda mig, varken med kl\u00e4der\u00a0 inf\u00f6r kylan, eller med att plocka fram sop,sn\u00f6spade . Plocka undan det som man inte vill ha under sn\u00f6n.Buskarna som skulle bort,st\u00e5r kvar.Kjell som vill ha rent fr\u00e5n sn\u00f6 p\u00e5 g\u00e5rden, f\u00e5r vackert v\u00e4nta tills best\u00e4lld traktor dyker upp.<\/p>\n<p>Men det \u00e4r bara att gilla l\u00e4get, stanna inomhus och tex. baka bullar,fylla p\u00e5 &#8221;bullf\u00f6rr\u00e5det&#8221;. Vara tacksam \u00f6ver att vi har tak \u00f6ver huvudet,kan f\u00e5 vara hemma i v\u00e5rt eget hem, om \u00e4n det g\u00e5r knaggligt med vissa saker, som vi\u00a0tidigare\u00a0 gjort utan att ens\u00a0t\u00e4nka. Det blir mycket v\u00e4nta, l\u00e5ta det vara.<\/p>\n<p>N\u00e5ra hantverkare har vi inte sett till \u00e4nnu. Det blir fortsatt dusch inf\u00f6r\u00a0\u00f6ppen rid\u00e5.\u00a0 Men vinterkv\u00e4llen \u00e4r vacker, fr\u00e5n ytterd\u00f6rren sett.<\/p>\n<p>Dagens citat : Vi kan inte lita p\u00e5 att omgivningen finns till f\u00f6r oss hela tiden. Ist\u00e4llet b\u00f6r vi hitta en inre trygghet och lita p\u00e5 oss sj\u00e4lva.<\/p>\n<p>-1,5 gr&#8230;\u00a0\u00a0\u00a0\u00a0\u00a0\u00a0\u00a0\u00a0\u00a0\u00a0\u00a0\u00a0\u00a0\u00a0\u00a0\u00a0\u00a0\u00a0\u00a0\u00a0\u00a0\u00a0\u00a0\u00a0\u00a0\u00a0\u00a0\u00a0\u00a0\u00a0\u00a0\u00a0\u00a0\u00a0\u00a0\u00a0\u00a0\u00a0\u00a0\u00a0\u00a0\u00a0 vi h\u00f6rs&#8230;<\/p>\n","protected":false},"excerpt":{"rendered":"<p>kanelbullar \u00e4r j\u00e4ttegott! S\u00e5 har vintern kommit, lite f\u00f6r tidigt tycker jag. Hinner s\u00e4llan f\u00f6rbereda mig, varken med kl\u00e4der\u00a0 inf\u00f6r kylan, eller med att plocka fram sop,sn\u00f6spade . Plocka undan det som man inte vill ha under sn\u00f6n.Buskarna som skulle bort,st\u00e5r kvar.Kjell som vill ha rent fr\u00e5n sn\u00f6 p\u00e5 g\u00e5rden, f\u00e5r vackert v\u00e4nta tills best\u00e4lld &hellip; <a href=\"https:\/\/mommas.junselebyar.se\/wp\/?p=5472\" class=\"more-link\">Forts\u00e4tt l\u00e4sa <span class=\"screen-reader-text\">Vinter ! ?&#8230;<\/span> <span class=\"meta-nav\">&rarr;<\/span><\/a><\/p>\n","protected":false},"author":3,"featured_media":0,"comment_status":"open","ping_status":"closed","sticky":false,"template":"","format":"standard","meta":{"footnotes":""},"categories":[4],"tags":[],"class_list":["post-5472","post","type-post","status-publish","format-standard","hentry","category-fran-holafors"],"_links":{"self":[{"href":"https:\/\/mommas.junselebyar.se\/wp\/index.php?rest_route=\/wp\/v2\/posts\/5472","targetHints":{"allow":["GET"]}}],"collection":[{"href":"https:\/\/mommas.junselebyar.se\/wp\/index.php?rest_route=\/wp\/v2\/posts"}],"about":[{"href":"https:\/\/mommas.junselebyar.se\/wp\/index.php?rest_route=\/wp\/v2\/types\/post"}],"author":[{"embeddable":true,"href":"https:\/\/mommas.junselebyar.se\/wp\/index.php?rest_route=\/wp\/v2\/users\/3"}],"replies":[{"embeddable":true,"href":"https:\/\/mommas.junselebyar.se\/wp\/index.php?rest_route=%2Fwp%2Fv2%2Fcomments&post=5472"}],"version-history":[{"count":0,"href":"https:\/\/mommas.junselebyar.se\/wp\/index.php?rest_route=\/wp\/v2\/posts\/5472\/revisions"}],"wp:attachment":[{"href":"https:\/\/mommas.junselebyar.se\/wp\/index.php?rest_route=%2Fwp%2Fv2%2Fmedia&parent=5472"}],"wp:term":[{"taxonomy":"category","embeddable":true,"href":"https:\/\/mommas.junselebyar.se\/wp\/index.php?rest_route=%2Fwp%2Fv2%2Fcategories&post=5472"},{"taxonomy":"post_tag","embeddable":true,"href":"https:\/\/mommas.junselebyar.se\/wp\/index.php?rest_route=%2Fwp%2Fv2%2Ftags&post=5472"}],"curies":[{"name":"wp","href":"https:\/\/api.w.org\/{rel}","templated":true}]}}