{"id":5494,"date":"2012-11-04T05:30:35","date_gmt":"2012-11-04T04:30:35","guid":{"rendered":"http:\/\/vildavastra.se\/mommasblogg\/?p=5494"},"modified":"2012-11-04T05:30:35","modified_gmt":"2012-11-04T04:30:35","slug":"allhelgona-2","status":"publish","type":"post","link":"https:\/\/mommas.junselebyar.se\/wp\/?p=5494","title":{"rendered":"Allhelgona&#8230;"},"content":{"rendered":"<figure id=\"attachment_5499\" aria-describedby=\"caption-attachment-5499\" style=\"width: 420px\" class=\"wp-caption alignleft\"><a href=\"http:\/\/vildavastra.se\/mommasblogg\/wp-content\/uploads\/2012\/11\/IMG_0001ljus.jpg\"><img loading=\"lazy\" decoding=\"async\" class=\"size-medium wp-image-5499\" title=\"IMG_0001ljus\" src=\"http:\/\/vildavastra.se\/mommasblogg\/wp-content\/uploads\/2012\/11\/IMG_0001ljus-420x414.jpg\" alt=\"Tavla av Malou H\u00e4ggkvist 1994\" width=\"420\" height=\"414\" \/><\/a><figcaption id=\"caption-attachment-5499\" class=\"wp-caption-text\">Tavla av Malou H\u00e4ggkvist 1994<\/figcaption><\/figure>\n<p>I Allhelgonatid t\u00e4nder vi ljus f\u00f6r att minnas och hedra v\u00e5ra anh\u00f6riga och v\u00e4nner som inte finns med oss l\u00e4ngre.<\/p>\n<p>Men vi sk\u00e4nker \u00e4ven en tanke till v\u00e5ra k\u00e4ra som finns kvar i livet,\u00a0k\u00e4nner tacksamhet \u00f6ver att vi f\u00e5r vara tillsammans \u00e4nnu en tid. Vi \u00e4ger bara ett liv och det \u00e4r h\u00e4r och nu,g\u00e5rdagen \u00e4r f\u00f6rbi,\u00a0\u00a0\u00a0\u00a0 \u00a0i dag kanvara F\u00d6RSTA DAGEN p\u00e5 resten av v\u00e5rt liv.<\/p>\n<p>Mormors gamla dikt<\/p>\n<p>Ett hj\u00e4rta \u00e4r ett bittert ting, ve den som inte \u00e4ger.<\/p>\n<p>Han vandrar tom all\u00a0v\u00e4rlden kring<\/p>\n<p>i motg\u00e5ng och i seger.<\/p>\n<p>Ty hj\u00e4rtat b\u00e4r en hemlighet som g\u00f6mmer<\/p>\n<p>v\u00e4rldens g\u00e5ta.<\/p>\n<p>Den tyder ingen som ej vet<\/p>\n<p>att \u00e4lska och f\u00f6rl\u00e5ta.<\/p>\n<p>(ok\u00e4nd)<\/p>\n<p>,,,,,,,,,,,,,,,,,,,,,,,,,,,,,,,,,,,,,,,,,,,,,,,,,,,,,,,,,,,,,,,,,,,,,,,,,,,,,,,,,,<\/p>\n<p>Dagens citat :\u00a0 V\u00e5rt liv \u00e4r h\u00e4r och nu och bara vi kan v\u00e4lja vad vi vill g\u00f6ra med det.<\/p>\n<p>+ 2 gr\u00a0\u00a0\u00a0\u00a0\u00a0\u00a0\u00a0\u00a0\u00a0\u00a0\u00a0\u00a0\u00a0\u00a0\u00a0\u00a0\u00a0\u00a0\u00a0\u00a0\u00a0\u00a0\u00a0\u00a0\u00a0\u00a0\u00a0\u00a0\u00a0\u00a0\u00a0\u00a0\u00a0\u00a0\u00a0\u00a0\u00a0\u00a0\u00a0\u00a0\u00a0\u00a0\u00a0\u00a0\u00a0\u00a0\u00a0\u00a0\u00a0\u00a0 vi h\u00f6rs&#8230;<\/p>\n","protected":false},"excerpt":{"rendered":"<p>I Allhelgonatid t\u00e4nder vi ljus f\u00f6r att minnas och hedra v\u00e5ra anh\u00f6riga och v\u00e4nner som inte finns med oss l\u00e4ngre. Men vi sk\u00e4nker \u00e4ven en tanke till v\u00e5ra k\u00e4ra som finns kvar i livet,\u00a0k\u00e4nner tacksamhet \u00f6ver att vi f\u00e5r vara tillsammans \u00e4nnu en tid. Vi \u00e4ger bara ett liv och det \u00e4r h\u00e4r och nu,g\u00e5rdagen &hellip; <a href=\"https:\/\/mommas.junselebyar.se\/wp\/?p=5494\" class=\"more-link\">Forts\u00e4tt l\u00e4sa <span class=\"screen-reader-text\">Allhelgona&#8230;<\/span> <span class=\"meta-nav\">&rarr;<\/span><\/a><\/p>\n","protected":false},"author":3,"featured_media":0,"comment_status":"open","ping_status":"closed","sticky":false,"template":"","format":"standard","meta":{"footnotes":""},"categories":[4],"tags":[],"class_list":["post-5494","post","type-post","status-publish","format-standard","hentry","category-fran-holafors"],"_links":{"self":[{"href":"https:\/\/mommas.junselebyar.se\/wp\/index.php?rest_route=\/wp\/v2\/posts\/5494","targetHints":{"allow":["GET"]}}],"collection":[{"href":"https:\/\/mommas.junselebyar.se\/wp\/index.php?rest_route=\/wp\/v2\/posts"}],"about":[{"href":"https:\/\/mommas.junselebyar.se\/wp\/index.php?rest_route=\/wp\/v2\/types\/post"}],"author":[{"embeddable":true,"href":"https:\/\/mommas.junselebyar.se\/wp\/index.php?rest_route=\/wp\/v2\/users\/3"}],"replies":[{"embeddable":true,"href":"https:\/\/mommas.junselebyar.se\/wp\/index.php?rest_route=%2Fwp%2Fv2%2Fcomments&post=5494"}],"version-history":[{"count":0,"href":"https:\/\/mommas.junselebyar.se\/wp\/index.php?rest_route=\/wp\/v2\/posts\/5494\/revisions"}],"wp:attachment":[{"href":"https:\/\/mommas.junselebyar.se\/wp\/index.php?rest_route=%2Fwp%2Fv2%2Fmedia&parent=5494"}],"wp:term":[{"taxonomy":"category","embeddable":true,"href":"https:\/\/mommas.junselebyar.se\/wp\/index.php?rest_route=%2Fwp%2Fv2%2Fcategories&post=5494"},{"taxonomy":"post_tag","embeddable":true,"href":"https:\/\/mommas.junselebyar.se\/wp\/index.php?rest_route=%2Fwp%2Fv2%2Ftags&post=5494"}],"curies":[{"name":"wp","href":"https:\/\/api.w.org\/{rel}","templated":true}]}}