{"id":5503,"date":"2012-11-06T16:22:54","date_gmt":"2012-11-06T15:22:54","guid":{"rendered":"http:\/\/vildavastra.se\/mommasblogg\/?p=5503"},"modified":"2012-11-06T16:22:54","modified_gmt":"2012-11-06T15:22:54","slug":"jacob-5-ar","status":"publish","type":"post","link":"https:\/\/mommas.junselebyar.se\/wp\/?p=5503","title":{"rendered":"Jacob 5 \u00e5r &#8230;"},"content":{"rendered":"<figure id=\"attachment_5510\" aria-describedby=\"caption-attachment-5510\" style=\"width: 420px\" class=\"wp-caption alignnone\"><a href=\"http:\/\/vildavastra.se\/mommasblogg\/wp-content\/uploads\/2012\/11\/100_3427-jacob.jpg\"><img loading=\"lazy\" decoding=\"async\" class=\"size-medium wp-image-5510 \" title=\"100_3427 jacob\" src=\"http:\/\/vildavastra.se\/mommasblogg\/wp-content\/uploads\/2012\/11\/100_3427-jacob-420x315.jpg\" alt=\"Jacobs minspel s\u00e4ger allt !\" width=\"420\" height=\"315\" \/><\/a><figcaption id=\"caption-attachment-5510\" class=\"wp-caption-text\">Jacobs minspel s\u00e4ger allt !<\/figcaption><\/figure>\n<div><span style=\"font-size: small;\">Som jag tidigare ber\u00e4ttat s\u00e5 blev vi inviterade till barnbarnet Jacobs 5-\u00e5rskalas. F\u00f6delsedagen inf\u00f6ll samtidigt med Hallowin s\u00e5 jag tyckte det skulle passa med en riktig &#8221;sp\u00f6kt\u00e5rta. Men se det tyckte inte Jacob. Den d\u00e4r t\u00e5rtan t\u00e4nker jag absolut inte \u00e4ta av var hans kommentar, n\u00e4r jag glatt \u00f6verl\u00e4mnade den. Varf\u00f6r inte det, undrade jag? N\u00e4, den \u00e4r \u00e4cklig, aldrig i livet att jag \u00e4ter av den. Det \u00e4r ju Mommas l\u00f6st\u00e4nder i\u00a0!!<\/span><\/div>\n<figure id=\"attachment_5507\" aria-describedby=\"caption-attachment-5507\" style=\"width: 420px\" class=\"wp-caption alignnone\"><a href=\"http:\/\/vildavastra.se\/mommasblogg\/wp-content\/uploads\/2012\/11\/100_3423-t\u00e5rta.jpg\"><strong><img loading=\"lazy\" decoding=\"async\" class=\"size-medium wp-image-5507 \" title=\"100_3423 t\u00e5rta\" src=\"http:\/\/vildavastra.se\/mommasblogg\/wp-content\/uploads\/2012\/11\/100_3423-t\u00e5rta-420x315.jpg\" alt=\"Den f\u00f6rskr\u00e4ckliga t\u00e5rtan\" width=\"420\" height=\"315\" \/><\/strong><\/a><figcaption id=\"caption-attachment-5507\" class=\"wp-caption-text\">Den f\u00f6rskr\u00e4ckliga t\u00e5rtan<\/figcaption><\/figure>\n<div><span style=\"font-size: small;\">Otack \u00e4r v\u00e4rldens l\u00f6n, s\u00e4gs det. Men d\u00e5 det kommer fr\u00e5n en charmig 5-\u00e5ring tas det emot med humor! Som vanligt g\u00e5r vi i v\u00e4ntans tider, inga hantverkare i dag heller&#8230; I morn ska Kjell tr\u00e4ffa Parkissons-sk\u00f6terskan. Det \u00e4r bra att f\u00e5 lite information om sjukdomen, f\u00f6r oss b\u00e5da, hur vi ska f\u00f6rh\u00e5lla oss till medicinering mm. Det borde ha r\u00e4ckt med de sjukdomar han redan har\u2026<\/span><\/div>\n<div><span style=\"font-size: small;\">\u00a0<\/span><\/div>\n<div><span style=\"font-size: small;\">Dagens citat : Vi l\u00e4r oss av alla v\u00e5ra misstag \u2013 om vi vill.<\/span><\/div>\n<div><span style=\"font-size: small;\">\u00a0<\/span><\/div>\n<div><span style=\"font-size: small;\">3,5 gr \u2026\u00a0 vi h\u00f6rs \u2026<\/span><\/div>\n<div><span style=\"font-size: small;\">\u00a0<\/span><\/div>\n<div><span style=\"font-size: small;\">\u00a0<\/span><\/div>\n<div><span style=\"font-size: small;\">\u00a0<\/span><\/div>\n<p><span style=\"font-size: small;\">\u00a0<\/p>\n<p>\u00a0<\/p>\n<p><\/span><\/p>\n","protected":false},"excerpt":{"rendered":"<p>Som jag tidigare ber\u00e4ttat s\u00e5 blev vi inviterade till barnbarnet Jacobs 5-\u00e5rskalas. F\u00f6delsedagen inf\u00f6ll samtidigt med Hallowin s\u00e5 jag tyckte det skulle passa med en riktig &#8221;sp\u00f6kt\u00e5rta. Men se det tyckte inte Jacob. Den d\u00e4r t\u00e5rtan t\u00e4nker jag absolut inte \u00e4ta av var hans kommentar, n\u00e4r jag glatt \u00f6verl\u00e4mnade den. Varf\u00f6r inte det, undrade jag? &hellip; <a href=\"https:\/\/mommas.junselebyar.se\/wp\/?p=5503\" class=\"more-link\">Forts\u00e4tt l\u00e4sa <span class=\"screen-reader-text\">Jacob 5 \u00e5r &#8230;<\/span> <span class=\"meta-nav\">&rarr;<\/span><\/a><\/p>\n","protected":false},"author":3,"featured_media":0,"comment_status":"open","ping_status":"closed","sticky":false,"template":"","format":"standard","meta":{"footnotes":""},"categories":[4],"tags":[],"class_list":["post-5503","post","type-post","status-publish","format-standard","hentry","category-fran-holafors"],"_links":{"self":[{"href":"https:\/\/mommas.junselebyar.se\/wp\/index.php?rest_route=\/wp\/v2\/posts\/5503","targetHints":{"allow":["GET"]}}],"collection":[{"href":"https:\/\/mommas.junselebyar.se\/wp\/index.php?rest_route=\/wp\/v2\/posts"}],"about":[{"href":"https:\/\/mommas.junselebyar.se\/wp\/index.php?rest_route=\/wp\/v2\/types\/post"}],"author":[{"embeddable":true,"href":"https:\/\/mommas.junselebyar.se\/wp\/index.php?rest_route=\/wp\/v2\/users\/3"}],"replies":[{"embeddable":true,"href":"https:\/\/mommas.junselebyar.se\/wp\/index.php?rest_route=%2Fwp%2Fv2%2Fcomments&post=5503"}],"version-history":[{"count":0,"href":"https:\/\/mommas.junselebyar.se\/wp\/index.php?rest_route=\/wp\/v2\/posts\/5503\/revisions"}],"wp:attachment":[{"href":"https:\/\/mommas.junselebyar.se\/wp\/index.php?rest_route=%2Fwp%2Fv2%2Fmedia&parent=5503"}],"wp:term":[{"taxonomy":"category","embeddable":true,"href":"https:\/\/mommas.junselebyar.se\/wp\/index.php?rest_route=%2Fwp%2Fv2%2Fcategories&post=5503"},{"taxonomy":"post_tag","embeddable":true,"href":"https:\/\/mommas.junselebyar.se\/wp\/index.php?rest_route=%2Fwp%2Fv2%2Ftags&post=5503"}],"curies":[{"name":"wp","href":"https:\/\/api.w.org\/{rel}","templated":true}]}}