{"id":5550,"date":"2012-11-19T20:09:59","date_gmt":"2012-11-19T19:09:59","guid":{"rendered":"http:\/\/vildavastra.se\/mommasblogg\/?p=5550"},"modified":"2012-11-19T20:09:59","modified_gmt":"2012-11-19T19:09:59","slug":"nu-ar-det-klart","status":"publish","type":"post","link":"https:\/\/mommas.junselebyar.se\/wp\/?p=5550","title":{"rendered":"Nu \u00e4r det klart &#8230;"},"content":{"rendered":"<figure id=\"attachment_5555\" aria-describedby=\"caption-attachment-5555\" style=\"width: 420px\" class=\"wp-caption alignleft\"><a href=\"http:\/\/vildavastra.se\/mommasblogg\/wp-content\/uploads\/2012\/11\/100_3450-toa.jpg\"><img loading=\"lazy\" decoding=\"async\" class=\"size-medium wp-image-5555\" title=\"100_3450 toa\" src=\"http:\/\/vildavastra.se\/mommasblogg\/wp-content\/uploads\/2012\/11\/100_3450-toa-420x315.jpg\" alt=\"V\u00e5r nya toa\" width=\"420\" height=\"315\" \/><\/a><figcaption id=\"caption-attachment-5555\" class=\"wp-caption-text\">V\u00e5r nya toa<\/figcaption><\/figure>\n<p>Nu \u00e4r det klart. Dushen \u00e4r p\u00e5 plats, d\u00f6rren \u00e4r p\u00e5 plats och vi har f\u00e5tt duscha efter tre veckors v\u00e4ntan.<\/p>\n<p><span style=\"font-family: Times New Roman; font-size: small;\">Det som kanske \u00e4r den naturligaste sak i v\u00e4rlden f\u00f6r de flesta,k\u00e4nns som en lyx f\u00f6r oss.Samtidigt som vi k\u00e4nner ett vemod \u00f6ver att det \u00e4r sjukdom med i bilden. Men \u00e4ven en tacksamhet\u00a0\u00f6ver den hj\u00e4lp som finns att f\u00e5,s\u00e5 vi kan stanna kvar och m\u00f6ta \u00e5lderdomen\u00a0hemma h\u00e4r vi trivs b\u00e4st. Om \u00e4n Kjells sjukdom h\u00e5ller sig lugn nu, s\u00e5 vet vi vad\u00a0framtida prognos kommer att ge.<\/span><\/p>\n<p><span style=\"font-family: Times New Roman; font-size: small;\">M\u00e5ste ge en eloge till hantverkarna som fixa till det i dag. Lugna h\u00e4rliga killar som kunde sin sak.<\/span><\/p>\n<p><span style=\"font-family: Times New Roman; font-size: small;\">Dagens citat :\u00a0 Det \u00e4r f\u00f6rst n\u00e4r vi tar ansvar f\u00f6r oss sj\u00e4lva som vi kan p\u00e5verka v\u00e5rt eget m\u00e5ende<\/span><\/p>\n<p><span style=\"font-family: Times New Roman; font-size: small;\">&#8211; 6 gr &#8230;\u00a0\u00a0\u00a0\u00a0\u00a0\u00a0\u00a0\u00a0\u00a0\u00a0\u00a0\u00a0\u00a0\u00a0\u00a0\u00a0\u00a0\u00a0\u00a0\u00a0\u00a0\u00a0\u00a0\u00a0\u00a0\u00a0\u00a0\u00a0\u00a0\u00a0\u00a0\u00a0\u00a0\u00a0\u00a0 vi h\u00f6rs &#8230;<\/span><\/p>\n","protected":false},"excerpt":{"rendered":"<p>Nu \u00e4r det klart. Dushen \u00e4r p\u00e5 plats, d\u00f6rren \u00e4r p\u00e5 plats och vi har f\u00e5tt duscha efter tre veckors v\u00e4ntan. Det som kanske \u00e4r den naturligaste sak i v\u00e4rlden f\u00f6r de flesta,k\u00e4nns som en lyx f\u00f6r oss.Samtidigt som vi k\u00e4nner ett vemod \u00f6ver att det \u00e4r sjukdom med i bilden. Men \u00e4ven en tacksamhet\u00a0\u00f6ver &hellip; <a href=\"https:\/\/mommas.junselebyar.se\/wp\/?p=5550\" class=\"more-link\">Forts\u00e4tt l\u00e4sa <span class=\"screen-reader-text\">Nu \u00e4r det klart &#8230;<\/span> <span class=\"meta-nav\">&rarr;<\/span><\/a><\/p>\n","protected":false},"author":3,"featured_media":0,"comment_status":"open","ping_status":"closed","sticky":false,"template":"","format":"standard","meta":{"footnotes":""},"categories":[4],"tags":[],"class_list":["post-5550","post","type-post","status-publish","format-standard","hentry","category-fran-holafors"],"_links":{"self":[{"href":"https:\/\/mommas.junselebyar.se\/wp\/index.php?rest_route=\/wp\/v2\/posts\/5550","targetHints":{"allow":["GET"]}}],"collection":[{"href":"https:\/\/mommas.junselebyar.se\/wp\/index.php?rest_route=\/wp\/v2\/posts"}],"about":[{"href":"https:\/\/mommas.junselebyar.se\/wp\/index.php?rest_route=\/wp\/v2\/types\/post"}],"author":[{"embeddable":true,"href":"https:\/\/mommas.junselebyar.se\/wp\/index.php?rest_route=\/wp\/v2\/users\/3"}],"replies":[{"embeddable":true,"href":"https:\/\/mommas.junselebyar.se\/wp\/index.php?rest_route=%2Fwp%2Fv2%2Fcomments&post=5550"}],"version-history":[{"count":0,"href":"https:\/\/mommas.junselebyar.se\/wp\/index.php?rest_route=\/wp\/v2\/posts\/5550\/revisions"}],"wp:attachment":[{"href":"https:\/\/mommas.junselebyar.se\/wp\/index.php?rest_route=%2Fwp%2Fv2%2Fmedia&parent=5550"}],"wp:term":[{"taxonomy":"category","embeddable":true,"href":"https:\/\/mommas.junselebyar.se\/wp\/index.php?rest_route=%2Fwp%2Fv2%2Fcategories&post=5550"},{"taxonomy":"post_tag","embeddable":true,"href":"https:\/\/mommas.junselebyar.se\/wp\/index.php?rest_route=%2Fwp%2Fv2%2Ftags&post=5550"}],"curies":[{"name":"wp","href":"https:\/\/api.w.org\/{rel}","templated":true}]}}