{"id":5558,"date":"2012-11-20T14:09:29","date_gmt":"2012-11-20T13:09:29","guid":{"rendered":"http:\/\/vildavastra.se\/mommasblogg\/?p=5558"},"modified":"2012-11-20T14:09:29","modified_gmt":"2012-11-20T13:09:29","slug":"tekannan","status":"publish","type":"post","link":"https:\/\/mommas.junselebyar.se\/wp\/?p=5558","title":{"rendered":"Tekannan&#8230;"},"content":{"rendered":"<figure id=\"attachment_5562\" aria-describedby=\"caption-attachment-5562\" style=\"width: 420px\" class=\"wp-caption alignleft\"><a href=\"http:\/\/vildavastra.se\/mommasblogg\/wp-content\/uploads\/2012\/11\/100_3452.JPG\"><img loading=\"lazy\" decoding=\"async\" class=\"size-medium wp-image-5562\" title=\"100_3452\" src=\"http:\/\/vildavastra.se\/mommasblogg\/wp-content\/uploads\/2012\/11\/100_3452-420x315.jpg\" alt=\"Tekannan\" width=\"420\" height=\"315\" \/><\/a><figcaption id=\"caption-attachment-5562\" class=\"wp-caption-text\">Tekannan<\/figcaption><\/figure>\n<p>Jag har i min \u00e4go en tekanna som har sin egen historia. Jag fick tekannan av min Mor f\u00f6r m\u00e5nga \u00e5r sedan samtidigt som hon ber\u00e4ttade historien f\u00f6r mig.<\/p>\n<p>&lt; Som du vet f\u00f6rst\u00f6rdes v\u00e5rt f\u00f6rsta hem av en eldsv\u00e5da\u00a0 den 31 juli 1938. Du var endast ett \u00e5r d\u00e5. Det var en fruktansv\u00e4rd upplevelse. Alla byns innev\u00e5nare kom springades med hinkar och k\u00e4rl f\u00f6r att hj\u00e4lpa till att bilda kedja fr\u00e5n brunnen, som var det enda vatten vi hade att tillg\u00e5.<\/p>\n<p>Men ingenting hj\u00e4lpte, huset och alla v\u00e5ra \u00e4godelar brann opp. Vi stod d\u00e4r helt barskrapade.<\/p>\n<p>S\u00e5 sm\u00e5ningom skingrades vi, alla gick hem till sitt. N\u00e4r vi satt d\u00e4r ensamma f\u00f6rtvivlade, olyckliga \u00f6ver \u00f6det som drabbats oss, ser vi Bernhards Ida komma g\u00e5ende. Hon bodde d\u00e5 med sin fam. p\u00e5 N\u00e4set. I famnen h\u00e5ller hon tekannan. T\u00e5rarna rinner utefter hennes kinder.<\/p>\n<p>&#8221; Jag tog det b\u00e4sta jag hade med mig, du f\u00e5r den som mitt deltagande i er stora tragedi &#8221; Vi gr\u00e4t en stund tillsammans innan hon gick hem igen. Men du ska veta att den h\u00e4r tekannan och minnet av den stunden, har givit mig tr\u00f6st m\u00e5nga g\u00e5nger.<\/p>\n<p>Nu f\u00e5r du den, var r\u00e4dd om den och om du ger den vidare s\u00e5 ber\u00e4tta historien, f\u00f6r den h\u00e4r tekannan b\u00e4r b\u00e5de p\u00e5 sorg och gl\u00e4dje. Jag fick den av min Mor 1960, nu t\u00e4nker jag l\u00e4mna den vidare tillsammans med den h\u00e4r historien. Hoppas att du som f\u00e5r den v\u00e5rdar den v\u00e4l, f\u00f6r den h\u00e4r tekannan har en sj\u00e4l.<\/p>\n<p>Annagreta i Holafors<\/p>\n<p>20 nov. 2012<\/p>\n<p>Dagens citat : Tacksamhet \u00e4r den i s\u00e4rklass b\u00e4sta medicinen mot sj\u00e4lv\u00f6mkan.<\/p>\n<p>+ 1,5 gr&#8230;\u00a0\u00a0\u00a0\u00a0\u00a0\u00a0\u00a0\u00a0\u00a0\u00a0\u00a0\u00a0\u00a0\u00a0\u00a0\u00a0\u00a0\u00a0\u00a0\u00a0\u00a0\u00a0\u00a0\u00a0\u00a0\u00a0\u00a0\u00a0\u00a0\u00a0\u00a0\u00a0\u00a0\u00a0\u00a0\u00a0\u00a0\u00a0\u00a0\u00a0\u00a0\u00a0\u00a0\u00a0\u00a0\u00a0\u00a0\u00a0\u00a0\u00a0\u00a0\u00a0\u00a0\u00a0\u00a0\u00a0\u00a0\u00a0\u00a0\u00a0 vi h\u00f6rs&#8230;<\/p>\n","protected":false},"excerpt":{"rendered":"<p>Jag har i min \u00e4go en tekanna som har sin egen historia. Jag fick tekannan av min Mor f\u00f6r m\u00e5nga \u00e5r sedan samtidigt som hon ber\u00e4ttade historien f\u00f6r mig. &lt; Som du vet f\u00f6rst\u00f6rdes v\u00e5rt f\u00f6rsta hem av en eldsv\u00e5da\u00a0 den 31 juli 1938. Du var endast ett \u00e5r d\u00e5. Det var en fruktansv\u00e4rd upplevelse. &hellip; <a href=\"https:\/\/mommas.junselebyar.se\/wp\/?p=5558\" class=\"more-link\">Forts\u00e4tt l\u00e4sa <span class=\"screen-reader-text\">Tekannan&#8230;<\/span> <span class=\"meta-nav\">&rarr;<\/span><\/a><\/p>\n","protected":false},"author":3,"featured_media":0,"comment_status":"open","ping_status":"closed","sticky":false,"template":"","format":"standard","meta":{"footnotes":""},"categories":[4],"tags":[],"class_list":["post-5558","post","type-post","status-publish","format-standard","hentry","category-fran-holafors"],"_links":{"self":[{"href":"https:\/\/mommas.junselebyar.se\/wp\/index.php?rest_route=\/wp\/v2\/posts\/5558","targetHints":{"allow":["GET"]}}],"collection":[{"href":"https:\/\/mommas.junselebyar.se\/wp\/index.php?rest_route=\/wp\/v2\/posts"}],"about":[{"href":"https:\/\/mommas.junselebyar.se\/wp\/index.php?rest_route=\/wp\/v2\/types\/post"}],"author":[{"embeddable":true,"href":"https:\/\/mommas.junselebyar.se\/wp\/index.php?rest_route=\/wp\/v2\/users\/3"}],"replies":[{"embeddable":true,"href":"https:\/\/mommas.junselebyar.se\/wp\/index.php?rest_route=%2Fwp%2Fv2%2Fcomments&post=5558"}],"version-history":[{"count":0,"href":"https:\/\/mommas.junselebyar.se\/wp\/index.php?rest_route=\/wp\/v2\/posts\/5558\/revisions"}],"wp:attachment":[{"href":"https:\/\/mommas.junselebyar.se\/wp\/index.php?rest_route=%2Fwp%2Fv2%2Fmedia&parent=5558"}],"wp:term":[{"taxonomy":"category","embeddable":true,"href":"https:\/\/mommas.junselebyar.se\/wp\/index.php?rest_route=%2Fwp%2Fv2%2Fcategories&post=5558"},{"taxonomy":"post_tag","embeddable":true,"href":"https:\/\/mommas.junselebyar.se\/wp\/index.php?rest_route=%2Fwp%2Fv2%2Ftags&post=5558"}],"curies":[{"name":"wp","href":"https:\/\/api.w.org\/{rel}","templated":true}]}}