{"id":5567,"date":"2012-11-25T13:27:33","date_gmt":"2012-11-25T12:27:33","guid":{"rendered":"http:\/\/vildavastra.se\/mommasblogg\/?p=5567"},"modified":"2012-11-25T13:27:33","modified_gmt":"2012-11-25T12:27:33","slug":"ovik","status":"publish","type":"post","link":"https:\/\/mommas.junselebyar.se\/wp\/?p=5567","title":{"rendered":"\u00d6vik &#8230;"},"content":{"rendered":"<p>Det har varit tradition\u00a0sedan flera \u00e5r tillbaka\u00a0att vi f\u00e5tt f\u00f6lja med Madde o Tomas till \u00d6vik f\u00f6r att julhandla. Till traditionen h\u00f6r ocks\u00e5 att v\u00e5rt barnbarn Teodor ocks\u00e5 f\u00f6ljer med och hj\u00e4lper momma och poppa att handla. I \u00e5r blev det lite annorlunda,n\u00e4r vi inte visste om\u00a0 Kjell skulle orka en hel dags julhandlande. Men som alltid hade Madde och Tomas ett otroligt t\u00e5lamod. Vi h\u00e4lsade ocks\u00e5 p\u00e5 Anton och Isabelle som nu bor i \u00d6vik.Det \u00e4r en m\u00e4rklig k\u00e4nsla som infinner sig n\u00e4r man bes\u00f6ker vuxna barnbarn i deras hem. Nu \u00e4r det deras tur att g\u00e5 vidare i livet,det som vi klarat av och \u00e4r p\u00e5 v\u00e4g bort fr\u00e5n.<\/p>\n<p>Idag har vi plockat fram adventstakar, stj\u00e4rnor\u00a0 och annat som h\u00f6r julf\u00f6rberedelserna till. Tror inte att alla tomtar blir framplockade i \u00e5r, vi f\u00e5r n\u00f6ja oss med mindre. Jag hade ju ocks\u00e5 sagt att i \u00e5r blir det inget julaftonsfirande i Holafors. Men vi har \u00e5ngrat oss, s\u00e5 l\u00e4nge barnbarnen vill komma, s\u00e5 visst ska det bli julafton hos oss \u00e4ven i\u00e5r., och julklappar.<\/p>\n<p>Om vi best\u00e4mmer att vi ger varandra en julklapp var, s\u00e5 blr det \u00e4nd\u00e5 31 x 31st. Det brukar bli env\u00e4ldigt stor h\u00f6g, ett berg av klappar n\u00e4r alla l\u00e4mnat var sin.<\/p>\n<p>Dagens citat : G\u00e5r det l\u00e4tt, s\u00e5 \u00e4r det r\u00e4tt.<\/p>\n<p>&#8211; 2 gr&#8230; vi h\u00f6rs &#8230;<\/p>\n","protected":false},"excerpt":{"rendered":"<p>Det har varit tradition\u00a0sedan flera \u00e5r tillbaka\u00a0att vi f\u00e5tt f\u00f6lja med Madde o Tomas till \u00d6vik f\u00f6r att julhandla. Till traditionen h\u00f6r ocks\u00e5 att v\u00e5rt barnbarn Teodor ocks\u00e5 f\u00f6ljer med och hj\u00e4lper momma och poppa att handla. I \u00e5r blev det lite annorlunda,n\u00e4r vi inte visste om\u00a0 Kjell skulle orka en hel dags julhandlande. Men &hellip; <a href=\"https:\/\/mommas.junselebyar.se\/wp\/?p=5567\" class=\"more-link\">Forts\u00e4tt l\u00e4sa <span class=\"screen-reader-text\">\u00d6vik &#8230;<\/span> <span class=\"meta-nav\">&rarr;<\/span><\/a><\/p>\n","protected":false},"author":3,"featured_media":0,"comment_status":"open","ping_status":"closed","sticky":false,"template":"","format":"standard","meta":{"footnotes":""},"categories":[4],"tags":[],"class_list":["post-5567","post","type-post","status-publish","format-standard","hentry","category-fran-holafors"],"_links":{"self":[{"href":"https:\/\/mommas.junselebyar.se\/wp\/index.php?rest_route=\/wp\/v2\/posts\/5567","targetHints":{"allow":["GET"]}}],"collection":[{"href":"https:\/\/mommas.junselebyar.se\/wp\/index.php?rest_route=\/wp\/v2\/posts"}],"about":[{"href":"https:\/\/mommas.junselebyar.se\/wp\/index.php?rest_route=\/wp\/v2\/types\/post"}],"author":[{"embeddable":true,"href":"https:\/\/mommas.junselebyar.se\/wp\/index.php?rest_route=\/wp\/v2\/users\/3"}],"replies":[{"embeddable":true,"href":"https:\/\/mommas.junselebyar.se\/wp\/index.php?rest_route=%2Fwp%2Fv2%2Fcomments&post=5567"}],"version-history":[{"count":0,"href":"https:\/\/mommas.junselebyar.se\/wp\/index.php?rest_route=\/wp\/v2\/posts\/5567\/revisions"}],"wp:attachment":[{"href":"https:\/\/mommas.junselebyar.se\/wp\/index.php?rest_route=%2Fwp%2Fv2%2Fmedia&parent=5567"}],"wp:term":[{"taxonomy":"category","embeddable":true,"href":"https:\/\/mommas.junselebyar.se\/wp\/index.php?rest_route=%2Fwp%2Fv2%2Fcategories&post=5567"},{"taxonomy":"post_tag","embeddable":true,"href":"https:\/\/mommas.junselebyar.se\/wp\/index.php?rest_route=%2Fwp%2Fv2%2Ftags&post=5567"}],"curies":[{"name":"wp","href":"https:\/\/api.w.org\/{rel}","templated":true}]}}