{"id":5573,"date":"2012-11-29T04:49:40","date_gmt":"2012-11-29T03:49:40","guid":{"rendered":"http:\/\/vildavastra.se\/mommasblogg\/?p=5573"},"modified":"2012-11-29T04:49:40","modified_gmt":"2012-11-29T03:49:40","slug":"min-dator","status":"publish","type":"post","link":"https:\/\/mommas.junselebyar.se\/wp\/?p=5573","title":{"rendered":"Min dator &#8230;"},"content":{"rendered":"<figure id=\"attachment_5579\" aria-describedby=\"caption-attachment-5579\" style=\"width: 420px\" class=\"wp-caption alignleft\"><a href=\"http:\/\/vildavastra.se\/mommasblogg\/wp-content\/uploads\/2012\/11\/dator.jpg\"><img loading=\"lazy\" decoding=\"async\" class=\"size-medium wp-image-5579\" title=\"dator\" src=\"http:\/\/vildavastra.se\/mommasblogg\/wp-content\/uploads\/2012\/11\/dator-420x315.jpg\" alt=\"S\u00e5 ser den ut, min kr\u00e5ngliga dator !\" width=\"420\" height=\"315\" \/><\/a><figcaption id=\"caption-attachment-5579\" class=\"wp-caption-text\">S\u00e5 ser den ut, min kr\u00e5ngliga dator !<\/figcaption><\/figure>\n<p>Min dator \u00e4r &#8221;kn\u00e4pp&#8221;. D\u00e4rav den d\u00e5liga uppdateringen av bloggen. Det har v\u00e4l inte h\u00e4nt s\u00e5 mycket heller, mer \u00e4n att adventsprylarna \u00e4r p\u00e5 plats nu. Vi har alla stj\u00e4rnor och ljusstakar t\u00e4nda. Det beh\u00f6vs ljus i novemberm\u00f6rkret, eller som devisen s\u00e4ger : &#8221;F\u00f6rbanna inte m\u00f6rkret, t\u00e4nd ett ljus i st\u00e4llet&#8221;.<\/p>\n<p>Idag var h\u00f6rcentralen h\u00e4r och monterade in h\u00f6rslingor, nu kan Kjell v\u00e4lja hur h\u00f6gt han vill ha ljudet och jag slipper f\u00e5 tinnitus av det allt f\u00f6rh\u00f6ga ljudet som han har beh\u00f6vt. Undrar ocks\u00e5 hur en posts\u00e4ck med kallelser, o remisser fr\u00e5n sjukhus kan f\u00f6rsvinna och ingen g\u00f6r n\u00e5gontig \u00e5t det. Kjell skulle ha l\u00e4mnat PKprov f\u00f6r en m\u00e5n. sen. men tyv\u00e4rr posts\u00e4cken f\u00f6rsvann. D\u00e5lig urs\u00e4kt eller ?<\/p>\n<p>Annars har vi b\u00f6rjat lite sm\u00e5tt med julf\u00f6rberedelserna, mat, julklappar etc. T\u00f6mde frysboxen vi har i k\u00e4llaren och frostade ur. R\u00e4ven fick sig en lyxmiddag. Hummer, kyckling, br\u00f6d mm. glass till efterr\u00e4tt. F\u00f6r \u00f6vrigt en m\u00e4rklig frysbox. Farfars k\u00f6pte den p\u00e5 50-talet av Bertil Lundins\u00a0varuhandel, har g\u00e5tt felfritt sedan dess.<\/p>\n<p>Nu \u00f6nskar jag bara att sonen kommer hem och fixar datorn. Vi beh\u00f6ver den. En n\u00e4tverkskabel \u00e4r inte ansluten, ingen eller delad anslutningsm\u00f6jlighet \u00e4r det info den ger. Vad det nu kan va f\u00f6r n\u00e5t?<\/p>\n<p>Dagens citat :\u00a0 Vi m\u00e5ste veta hur vi vill ha det, f\u00f6r att kunna f\u00e5 det .<\/p>\n<p>&#8211; 5gr&#8230; vi h\u00f6rs ..<\/p>\n","protected":false},"excerpt":{"rendered":"<p>Min dator \u00e4r &#8221;kn\u00e4pp&#8221;. D\u00e4rav den d\u00e5liga uppdateringen av bloggen. Det har v\u00e4l inte h\u00e4nt s\u00e5 mycket heller, mer \u00e4n att adventsprylarna \u00e4r p\u00e5 plats nu. Vi har alla stj\u00e4rnor och ljusstakar t\u00e4nda. Det beh\u00f6vs ljus i novemberm\u00f6rkret, eller som devisen s\u00e4ger : &#8221;F\u00f6rbanna inte m\u00f6rkret, t\u00e4nd ett ljus i st\u00e4llet&#8221;. Idag var h\u00f6rcentralen h\u00e4r &hellip; <a href=\"https:\/\/mommas.junselebyar.se\/wp\/?p=5573\" class=\"more-link\">Forts\u00e4tt l\u00e4sa <span class=\"screen-reader-text\">Min dator &#8230;<\/span> <span class=\"meta-nav\">&rarr;<\/span><\/a><\/p>\n","protected":false},"author":3,"featured_media":0,"comment_status":"open","ping_status":"closed","sticky":false,"template":"","format":"standard","meta":{"footnotes":""},"categories":[4],"tags":[],"class_list":["post-5573","post","type-post","status-publish","format-standard","hentry","category-fran-holafors"],"_links":{"self":[{"href":"https:\/\/mommas.junselebyar.se\/wp\/index.php?rest_route=\/wp\/v2\/posts\/5573","targetHints":{"allow":["GET"]}}],"collection":[{"href":"https:\/\/mommas.junselebyar.se\/wp\/index.php?rest_route=\/wp\/v2\/posts"}],"about":[{"href":"https:\/\/mommas.junselebyar.se\/wp\/index.php?rest_route=\/wp\/v2\/types\/post"}],"author":[{"embeddable":true,"href":"https:\/\/mommas.junselebyar.se\/wp\/index.php?rest_route=\/wp\/v2\/users\/3"}],"replies":[{"embeddable":true,"href":"https:\/\/mommas.junselebyar.se\/wp\/index.php?rest_route=%2Fwp%2Fv2%2Fcomments&post=5573"}],"version-history":[{"count":0,"href":"https:\/\/mommas.junselebyar.se\/wp\/index.php?rest_route=\/wp\/v2\/posts\/5573\/revisions"}],"wp:attachment":[{"href":"https:\/\/mommas.junselebyar.se\/wp\/index.php?rest_route=%2Fwp%2Fv2%2Fmedia&parent=5573"}],"wp:term":[{"taxonomy":"category","embeddable":true,"href":"https:\/\/mommas.junselebyar.se\/wp\/index.php?rest_route=%2Fwp%2Fv2%2Fcategories&post=5573"},{"taxonomy":"post_tag","embeddable":true,"href":"https:\/\/mommas.junselebyar.se\/wp\/index.php?rest_route=%2Fwp%2Fv2%2Ftags&post=5573"}],"curies":[{"name":"wp","href":"https:\/\/api.w.org\/{rel}","templated":true}]}}