{"id":5581,"date":"2012-11-30T14:43:38","date_gmt":"2012-11-30T13:43:38","guid":{"rendered":"http:\/\/vildavastra.se\/mommasblogg\/?p=5581"},"modified":"2012-11-30T14:43:38","modified_gmt":"2012-11-30T13:43:38","slug":"nu-blev-det-mycke","status":"publish","type":"post","link":"https:\/\/mommas.junselebyar.se\/wp\/?p=5581","title":{"rendered":"Nu blev det mycke &#8230;"},"content":{"rendered":"<figure id=\"attachment_5586\" aria-describedby=\"caption-attachment-5586\" style=\"width: 291px\" class=\"wp-caption alignleft\"><a href=\"http:\/\/vildavastra.se\/mommasblogg\/wp-content\/uploads\/2012\/11\/100_34601.JPG\"><img loading=\"lazy\" decoding=\"async\" class=\"size-medium wp-image-5586\" title=\"100_3460\" src=\"http:\/\/vildavastra.se\/mommasblogg\/wp-content\/uploads\/2012\/11\/100_34601-291x420.jpg\" alt=\"Hardy med pappa P\u00e4r\" width=\"291\" height=\"420\" \/><\/a><figcaption id=\"caption-attachment-5586\" class=\"wp-caption-text\">Hardy med pappa P\u00e4r<\/figcaption><\/figure>\n<p>Ibland kan kan det bli mycke p\u00e5 en g\u00e5ng. Vi som \u00e4r van att sitta ensam hela dagarna, s\u00e5 blev det n\u00e4stan stressigt g\u00e5r.\u00a0 Sonen hade tydligen l\u00e4st mommabloggen, f\u00f6r han d\u00f6k upp tidigt p\u00e5 morron, f\u00f6r att fixa datorn. Han gjorde sitt b\u00e4sta men tydligt \u00e4r att den skulle beh\u00f6va en rensning. Vi hade best\u00e4mt att \u00e5ka och till\u00a0 Junsele och handla..\u00a0\u00a0\u00a0\u00a0\u00a0\u00a0\u00a0\u00a0\u00a0\u00a0\u00a0<\/p>\n<p>Men s\u00e5 f\u00e5r vi ett k\u00e4rt bes\u00f6k av Barnbarnsbarnet Hardy och hans f\u00f6r\u00e4ldrar. Hardy som hade oturen att f\u00f6das med en genetisk sjukdom \/Syrautiri. 1, en genetisk sjukdom som han \u00e4r r\u00e4tt s\u00e5 ensam om i Sverige. Han f\u00e5r ej \u00e4ta n\u00e5got protien i kosten, har skrivit om Hardy i en l\u00e4nk p\u00e5 mommas sida. Men han utvecklas normalt och \u00e4r en pigg och h\u00e4rlig grabb.<\/p>\n<p>I Junsele passade vi p\u00e5 att handla det mesta vi beh\u00f6ver till julst\u00f6ket, f\u00f6r Kjell har tv\u00e5 &#8221;doktorsresor&#8221; i n\u00e4sta vecka, och det tar mycket energi. Innan vi \u00e5ker hem igen vill vi h\u00e4lsa p\u00e5 tv\u00e5 andra barnbarnsbarn Gusten och Sigge Fabian som bes\u00f6ker morfars p\u00e5 B\u00f6les\u00e5kern. Tv\u00e5 h\u00e4rliga grabbar som vet hur man charmar\u00a0 gammelmorfars.<\/p>\n<p>Men dagen \u00e4r inte slut \u00e4n, hem och lasta ur \u00e4ta och medecinera, sen raka v\u00e4gen till N\u00e4s\u00e5ker f\u00f6r att k\u00f6pa potatis av \u00c5selebilen, vilken har j\u00e4ttefin och god potatis. Lite TV tittande, en beh\u00f6vlig kv\u00e4llsduch och sedan i s\u00e4ng. Lyckliga \u00f6ver att f\u00e5 bo hemma och best\u00e4mma helt \u00f6ver sin dag.<\/p>\n<p>Dagens citat :\u00a0 N\u00e4r en person \u00e4r lycklig \u00e4r det oftast n\u00e5gon annan som \u00e4r orsaken.<\/p>\n<p>&#8211; 7 gr&#8230;\u00a0\u00a0\u00a0\u00a0\u00a0\u00a0\u00a0\u00a0\u00a0\u00a0\u00a0\u00a0\u00a0\u00a0 ingen sn\u00f6.\u00a0\u00a0\u00a0\u00a0\u00a0\u00a0\u00a0\u00a0\u00a0\u00a0\u00a0\u00a0\u00a0\u00a0\u00a0\u00a0\u00a0\u00a0\u00a0\u00a0\u00a0\u00a0\u00a0\u00a0\u00a0 vi h\u00f6rs &#8230;<\/p>\n","protected":false},"excerpt":{"rendered":"<p>Ibland kan kan det bli mycke p\u00e5 en g\u00e5ng. Vi som \u00e4r van att sitta ensam hela dagarna, s\u00e5 blev det n\u00e4stan stressigt g\u00e5r.\u00a0 Sonen hade tydligen l\u00e4st mommabloggen, f\u00f6r han d\u00f6k upp tidigt p\u00e5 morron, f\u00f6r att fixa datorn. Han gjorde sitt b\u00e4sta men tydligt \u00e4r att den skulle beh\u00f6va en rensning. Vi hade &hellip; <a href=\"https:\/\/mommas.junselebyar.se\/wp\/?p=5581\" class=\"more-link\">Forts\u00e4tt l\u00e4sa <span class=\"screen-reader-text\">Nu blev det mycke &#8230;<\/span> <span class=\"meta-nav\">&rarr;<\/span><\/a><\/p>\n","protected":false},"author":3,"featured_media":0,"comment_status":"open","ping_status":"closed","sticky":false,"template":"","format":"standard","meta":{"footnotes":""},"categories":[4],"tags":[],"class_list":["post-5581","post","type-post","status-publish","format-standard","hentry","category-fran-holafors"],"_links":{"self":[{"href":"https:\/\/mommas.junselebyar.se\/wp\/index.php?rest_route=\/wp\/v2\/posts\/5581","targetHints":{"allow":["GET"]}}],"collection":[{"href":"https:\/\/mommas.junselebyar.se\/wp\/index.php?rest_route=\/wp\/v2\/posts"}],"about":[{"href":"https:\/\/mommas.junselebyar.se\/wp\/index.php?rest_route=\/wp\/v2\/types\/post"}],"author":[{"embeddable":true,"href":"https:\/\/mommas.junselebyar.se\/wp\/index.php?rest_route=\/wp\/v2\/users\/3"}],"replies":[{"embeddable":true,"href":"https:\/\/mommas.junselebyar.se\/wp\/index.php?rest_route=%2Fwp%2Fv2%2Fcomments&post=5581"}],"version-history":[{"count":0,"href":"https:\/\/mommas.junselebyar.se\/wp\/index.php?rest_route=\/wp\/v2\/posts\/5581\/revisions"}],"wp:attachment":[{"href":"https:\/\/mommas.junselebyar.se\/wp\/index.php?rest_route=%2Fwp%2Fv2%2Fmedia&parent=5581"}],"wp:term":[{"taxonomy":"category","embeddable":true,"href":"https:\/\/mommas.junselebyar.se\/wp\/index.php?rest_route=%2Fwp%2Fv2%2Fcategories&post=5581"},{"taxonomy":"post_tag","embeddable":true,"href":"https:\/\/mommas.junselebyar.se\/wp\/index.php?rest_route=%2Fwp%2Fv2%2Ftags&post=5581"}],"curies":[{"name":"wp","href":"https:\/\/api.w.org\/{rel}","templated":true}]}}