{"id":5593,"date":"2012-12-05T05:09:09","date_gmt":"2012-12-05T04:09:09","guid":{"rendered":"http:\/\/vildavastra.se\/mommasblogg\/?p=5593"},"modified":"2012-12-05T05:09:09","modified_gmt":"2012-12-05T04:09:09","slug":"hej-igen","status":"publish","type":"post","link":"https:\/\/mommas.junselebyar.se\/wp\/?p=5593","title":{"rendered":"Hej igen !"},"content":{"rendered":"<p>Hej alla goa v\u00e4nner !\u00a0 Min dator \u00e4r fortfarande inte okey, lyckades &#8221;komma igenom&#8221; s\u00e5 jag f\u00e5r ge lite info om hur vi har det. Det \u00e4r 21gr kallt idag , ingen sn\u00f6.F\u00f6rsta advent \u00e4r avklarat. med bes\u00f6k av barn och barnbarn,hundar. har b\u00f6rjat planera lite sm\u00e5tt f\u00f6r julen. Ser ut som att den blir likadan som alla tidigare jular,\u00a0 b\u00e4st att s\u00e4tta ig\u00e5ng bak och mat tillverkningen. Om inte alla kommer p\u00e5 julafton, s\u00e5 \u00e4r helgen l\u00e5ng, fam.stor. Det g\u00e4ller att ha planerat,i Holafors finns ingen aff\u00e4r. F\u00e5r lita p\u00e5 kylan, f\u00f6r matens skull.<\/p>\n<p>Idag ska vi ut ikylan, Kjell har tid p\u00e5 \u00f6gon mott. sollefte\u00e5.Har jobbigt med synen,kan vara en f\u00f6ljd av Parkisson s\u00e4gs det. F\u00e5r samtidigt passa p\u00e5 att skaffa hem lite saker som beh\u00f6vs inf\u00f6r julen . Julklapparna \u00e4r avklarade, 31 st. Inte ger ni v\u00e4l julklappar fortfarande, fr\u00e5gar m\u00e5nga. Sj\u00e4lvklart ingen jul utan klappar. N\u00e4r man kommer upp i v\u00e5ran \u00e5lder, 79,76 \u00e5r s\u00e5 f\u00e5r man vara tacksam f\u00f6ralla jular som vi f\u00e5r vara med om,f\u00e5\u00a0 gl\u00e4djas med barnen. \u00c4r lycklig s\u00e5 l\u00e4nge vi f\u00e5r vara den samlande punkten i tillvaron. Hos oss finner dom lugn och ro, allting \u00e4r som det alltid har varit,<\/p>\n<p>Ha det s\u00e5 gott d\u00e4rute i sn\u00f6n och kylan. J\u00e4kta inte f\u00f6r mycket. Sitt ner ,andas och meditera en stund, s\u00e5 f\u00e5r ni nya krafter och v\u00e4lbefinnande.<\/p>\n<p>Vi h\u00f6rs igen, om nu datorn vill &#8230;<\/p>\n","protected":false},"excerpt":{"rendered":"<p>Hej alla goa v\u00e4nner !\u00a0 Min dator \u00e4r fortfarande inte okey, lyckades &#8221;komma igenom&#8221; s\u00e5 jag f\u00e5r ge lite info om hur vi har det. Det \u00e4r 21gr kallt idag , ingen sn\u00f6.F\u00f6rsta advent \u00e4r avklarat. med bes\u00f6k av barn och barnbarn,hundar. har b\u00f6rjat planera lite sm\u00e5tt f\u00f6r julen. Ser ut som att den blir &hellip; <a href=\"https:\/\/mommas.junselebyar.se\/wp\/?p=5593\" class=\"more-link\">Forts\u00e4tt l\u00e4sa <span class=\"screen-reader-text\">Hej igen !<\/span> <span class=\"meta-nav\">&rarr;<\/span><\/a><\/p>\n","protected":false},"author":3,"featured_media":0,"comment_status":"open","ping_status":"closed","sticky":false,"template":"","format":"standard","meta":{"footnotes":""},"categories":[4],"tags":[],"class_list":["post-5593","post","type-post","status-publish","format-standard","hentry","category-fran-holafors"],"_links":{"self":[{"href":"https:\/\/mommas.junselebyar.se\/wp\/index.php?rest_route=\/wp\/v2\/posts\/5593","targetHints":{"allow":["GET"]}}],"collection":[{"href":"https:\/\/mommas.junselebyar.se\/wp\/index.php?rest_route=\/wp\/v2\/posts"}],"about":[{"href":"https:\/\/mommas.junselebyar.se\/wp\/index.php?rest_route=\/wp\/v2\/types\/post"}],"author":[{"embeddable":true,"href":"https:\/\/mommas.junselebyar.se\/wp\/index.php?rest_route=\/wp\/v2\/users\/3"}],"replies":[{"embeddable":true,"href":"https:\/\/mommas.junselebyar.se\/wp\/index.php?rest_route=%2Fwp%2Fv2%2Fcomments&post=5593"}],"version-history":[{"count":0,"href":"https:\/\/mommas.junselebyar.se\/wp\/index.php?rest_route=\/wp\/v2\/posts\/5593\/revisions"}],"wp:attachment":[{"href":"https:\/\/mommas.junselebyar.se\/wp\/index.php?rest_route=%2Fwp%2Fv2%2Fmedia&parent=5593"}],"wp:term":[{"taxonomy":"category","embeddable":true,"href":"https:\/\/mommas.junselebyar.se\/wp\/index.php?rest_route=%2Fwp%2Fv2%2Fcategories&post=5593"},{"taxonomy":"post_tag","embeddable":true,"href":"https:\/\/mommas.junselebyar.se\/wp\/index.php?rest_route=%2Fwp%2Fv2%2Ftags&post=5593"}],"curies":[{"name":"wp","href":"https:\/\/api.w.org\/{rel}","templated":true}]}}