{"id":5627,"date":"2012-12-16T16:04:53","date_gmt":"2012-12-16T15:04:53","guid":{"rendered":"http:\/\/vildavastra.se\/mommasblogg\/?p=5627"},"modified":"2012-12-16T16:04:53","modified_gmt":"2012-12-16T15:04:53","slug":"sondagmorron","status":"publish","type":"post","link":"https:\/\/mommas.junselebyar.se\/wp\/?p=5627","title":{"rendered":"S\u00f6ndagmorron &#8230;"},"content":{"rendered":"<figure id=\"attachment_5631\" aria-describedby=\"caption-attachment-5631\" style=\"width: 420px\" class=\"wp-caption alignleft\"><a href=\"http:\/\/vildavastra.se\/mommasblogg\/wp-content\/uploads\/2012\/12\/100_3475-Morronstund.jpg\"><img loading=\"lazy\" decoding=\"async\" class=\"size-medium wp-image-5631\" title=\"100_3475 Morronstund\" src=\"http:\/\/vildavastra.se\/mommasblogg\/wp-content\/uploads\/2012\/12\/100_3475-Morronstund-420x315.jpg\" alt=\"Morronstund i tystnaden\" width=\"420\" height=\"315\" \/><\/a><figcaption id=\"caption-attachment-5631\" class=\"wp-caption-text\">Morronstund i tystnaden<\/figcaption><\/figure>\n<p>Jag \u00e4lskar mornar, har gjort det sedan jag var liten. F\u00e5 vakna till en ny dag,g\u00e5 upp och m\u00f6ta tystnaden.Sitta ner och meditera, l\u00e5ta tankarna komma och g\u00e5.<\/p>\n<p>Som idag n\u00e4r hela huset \u00e4r nyst\u00e4dat, julpyntat, infinner sig en k\u00e4nsla av lugn\u00a0, ro,lycka. K\u00e4nner mig innesluten i en bubbla d\u00e4r ingenting av v\u00e4rldens tr\u00e5kigheter kan n\u00e5 mig. Vet att snart spricker bubblan, dagen n\u00e5r mig med allt vad det inneb\u00e4r. Radio, Tv, telefon,dator allt &#8221;g\u00e5r ig\u00e5ng&#8221; informationer str\u00f6mmar in, sn\u00f6n, vr\u00e4ker ner ute.\u00a0 Frukost, medicinering, f\u00e5 kroppen att fungera, hitta dagsrytmen&#8230;<\/p>\n<p>\u00d6nskar att ni alla kunde skapa er en bubbla.Med dagens j\u00e4kt, oro, krig och tr\u00e5kigheter h\u00e4r hemma och ute i v\u00e4rlden, s\u00e5 beh\u00f6ver vi den starten av dagen. \u00c4nd\u00e5 \u00e4r vi f\u00f6rskonade Kjell och jag som har kunnat f\u00e5 stanna kvar hemma i Holafors, en bubbla i sig.<\/p>\n<p>Dagens citat :\u00a0 Den b\u00e4sta garantin f\u00f6r ett l\u00e5ngt och lyckligt f\u00f6rh\u00e5llande \u00e4r att v\u00e5rda nuet.<\/p>\n<p>-2gr &#8230; vi h\u00f6rs &#8230;<\/p>\n","protected":false},"excerpt":{"rendered":"<p>Jag \u00e4lskar mornar, har gjort det sedan jag var liten. F\u00e5 vakna till en ny dag,g\u00e5 upp och m\u00f6ta tystnaden.Sitta ner och meditera, l\u00e5ta tankarna komma och g\u00e5. Som idag n\u00e4r hela huset \u00e4r nyst\u00e4dat, julpyntat, infinner sig en k\u00e4nsla av lugn\u00a0, ro,lycka. K\u00e4nner mig innesluten i en bubbla d\u00e4r ingenting av v\u00e4rldens tr\u00e5kigheter kan &hellip; <a href=\"https:\/\/mommas.junselebyar.se\/wp\/?p=5627\" class=\"more-link\">Forts\u00e4tt l\u00e4sa <span class=\"screen-reader-text\">S\u00f6ndagmorron &#8230;<\/span> <span class=\"meta-nav\">&rarr;<\/span><\/a><\/p>\n","protected":false},"author":3,"featured_media":0,"comment_status":"open","ping_status":"closed","sticky":false,"template":"","format":"standard","meta":{"footnotes":""},"categories":[4],"tags":[],"class_list":["post-5627","post","type-post","status-publish","format-standard","hentry","category-fran-holafors"],"_links":{"self":[{"href":"https:\/\/mommas.junselebyar.se\/wp\/index.php?rest_route=\/wp\/v2\/posts\/5627","targetHints":{"allow":["GET"]}}],"collection":[{"href":"https:\/\/mommas.junselebyar.se\/wp\/index.php?rest_route=\/wp\/v2\/posts"}],"about":[{"href":"https:\/\/mommas.junselebyar.se\/wp\/index.php?rest_route=\/wp\/v2\/types\/post"}],"author":[{"embeddable":true,"href":"https:\/\/mommas.junselebyar.se\/wp\/index.php?rest_route=\/wp\/v2\/users\/3"}],"replies":[{"embeddable":true,"href":"https:\/\/mommas.junselebyar.se\/wp\/index.php?rest_route=%2Fwp%2Fv2%2Fcomments&post=5627"}],"version-history":[{"count":0,"href":"https:\/\/mommas.junselebyar.se\/wp\/index.php?rest_route=\/wp\/v2\/posts\/5627\/revisions"}],"wp:attachment":[{"href":"https:\/\/mommas.junselebyar.se\/wp\/index.php?rest_route=%2Fwp%2Fv2%2Fmedia&parent=5627"}],"wp:term":[{"taxonomy":"category","embeddable":true,"href":"https:\/\/mommas.junselebyar.se\/wp\/index.php?rest_route=%2Fwp%2Fv2%2Fcategories&post=5627"},{"taxonomy":"post_tag","embeddable":true,"href":"https:\/\/mommas.junselebyar.se\/wp\/index.php?rest_route=%2Fwp%2Fv2%2Ftags&post=5627"}],"curies":[{"name":"wp","href":"https:\/\/api.w.org\/{rel}","templated":true}]}}