{"id":5640,"date":"2012-12-20T05:01:04","date_gmt":"2012-12-20T04:01:04","guid":{"rendered":"http:\/\/vildavastra.se\/mommasblogg\/?p=5640"},"modified":"2012-12-20T05:01:04","modified_gmt":"2012-12-20T04:01:04","slug":"kjell-jonnie","status":"publish","type":"post","link":"https:\/\/mommas.junselebyar.se\/wp\/?p=5640","title":{"rendered":"Kjell Jonnie&#8230;"},"content":{"rendered":"<figure id=\"attachment_5642\" aria-describedby=\"caption-attachment-5642\" style=\"width: 311px\" class=\"wp-caption alignleft\"><a href=\"http:\/\/vildavastra.se\/mommasblogg\/wp-content\/uploads\/2012\/12\/IMG-jonnie.jpg\"><img loading=\"lazy\" decoding=\"async\" class=\"size-medium wp-image-5642\" title=\"IMG jonnie\" src=\"http:\/\/vildavastra.se\/mommasblogg\/wp-content\/uploads\/2012\/12\/IMG-jonnie-311x420.jpg\" alt=\"Grattis Jonnie !\" width=\"311\" height=\"420\" \/><\/a><figcaption id=\"caption-attachment-5642\" class=\"wp-caption-text\">Grattis Jonnie !<\/figcaption><\/figure>\n<p>Den h\u00e4r dagen, 20 dec. \u00e4r f\u00f6r alltid en speciell dag f\u00f6r oss. Kanske mest f\u00f6r mig. Den h\u00e4r dagen f\u00f6r 49 \u00e5r sedan f\u00f6ddes v\u00e5r son Jonnie. D\u00e5 var det andra rutiner p\u00e5 BB. Jag fick \u00e5ka in en vecka i f\u00f6rv\u00e4g, f\u00f6r evt komplikationer etc. Allt gick bra och p\u00e5 morronen den 20:e kom Jonnie.<\/p>\n<p>Fyra dagar f\u00f6re Julafton, men ni ska inte tro att vi fick \u00e5ka hem. N\u00e4e minst 12 dagar skulle vi vara kvar. Det var inte s\u00e5 m\u00e5mga mammor och barn p\u00e5 BB just d\u00e5. Om jag inte minns fel var vi\u00a0fem mammor med barn. N\u00e5gra hade varit i 10 dar, men n\u00e5gon hemresa till jul blev det inte.<\/p>\n<p>Vi blev lovade en mysig fin Julafton.Alla skulle f\u00e5 flytta in p\u00e5 samma sal, vi skulle f\u00e5 ha v\u00e5ra barn inne hos oss. Det fick vi d\u00e5, annars bara n\u00e4r vi ammade barnen. God mat, julklappar blev vi utlovade. Men s\u00e5 blev det inte. Tv\u00e5 nya mammor kom in p\u00e5 f\u00f6rlossningen, all personal 3st, fick tillbringa natten d\u00e4r. Jag satt ensam , n\u00e4 jag och Jonnie, f\u00f6r han hade blivit bortgl\u00f6md hos mig i all uppst\u00e5ndelse.<\/p>\n<p>Ni andra i fam f\u00e5r f\u00f6rl\u00e5ta mig, men det var den mysigaste, h\u00e4rligaste julafton jag upplevt.<\/p>\n<p>S\u00e5 ni f\u00f6rst\u00e5r att den h\u00e4r dagen \u00e4r speciell f\u00f6r mig. Grattis Jonnie p\u00e5 din dag&#8230;<\/p>\n<p>\u00a0<\/p>\n<p>Dagens citat :\u00a0 Du vet v\u00e4l om att du \u00e4r v\u00e4rdefull !<\/p>\n<p>&#8211;\u00a08 gr &#8230;\u00a0\u00a0\u00a0\u00a0\u00a0\u00a0\u00a0\u00a0\u00a0\u00a0\u00a0\u00a0\u00a0\u00a0\u00a0\u00a0\u00a0\u00a0\u00a0\u00a0\u00a0\u00a0\u00a0\u00a0\u00a0\u00a0\u00a0\u00a0\u00a0\u00a0\u00a0\u00a0 vi h\u00f6rs&#8230;<\/p>\n","protected":false},"excerpt":{"rendered":"<p>Den h\u00e4r dagen, 20 dec. \u00e4r f\u00f6r alltid en speciell dag f\u00f6r oss. Kanske mest f\u00f6r mig. Den h\u00e4r dagen f\u00f6r 49 \u00e5r sedan f\u00f6ddes v\u00e5r son Jonnie. D\u00e5 var det andra rutiner p\u00e5 BB. Jag fick \u00e5ka in en vecka i f\u00f6rv\u00e4g, f\u00f6r evt komplikationer etc. Allt gick bra och p\u00e5 morronen den 20:e &hellip; <a href=\"https:\/\/mommas.junselebyar.se\/wp\/?p=5640\" class=\"more-link\">Forts\u00e4tt l\u00e4sa <span class=\"screen-reader-text\">Kjell Jonnie&#8230;<\/span> <span class=\"meta-nav\">&rarr;<\/span><\/a><\/p>\n","protected":false},"author":3,"featured_media":0,"comment_status":"open","ping_status":"closed","sticky":false,"template":"","format":"standard","meta":{"footnotes":""},"categories":[4],"tags":[],"class_list":["post-5640","post","type-post","status-publish","format-standard","hentry","category-fran-holafors"],"_links":{"self":[{"href":"https:\/\/mommas.junselebyar.se\/wp\/index.php?rest_route=\/wp\/v2\/posts\/5640","targetHints":{"allow":["GET"]}}],"collection":[{"href":"https:\/\/mommas.junselebyar.se\/wp\/index.php?rest_route=\/wp\/v2\/posts"}],"about":[{"href":"https:\/\/mommas.junselebyar.se\/wp\/index.php?rest_route=\/wp\/v2\/types\/post"}],"author":[{"embeddable":true,"href":"https:\/\/mommas.junselebyar.se\/wp\/index.php?rest_route=\/wp\/v2\/users\/3"}],"replies":[{"embeddable":true,"href":"https:\/\/mommas.junselebyar.se\/wp\/index.php?rest_route=%2Fwp%2Fv2%2Fcomments&post=5640"}],"version-history":[{"count":0,"href":"https:\/\/mommas.junselebyar.se\/wp\/index.php?rest_route=\/wp\/v2\/posts\/5640\/revisions"}],"wp:attachment":[{"href":"https:\/\/mommas.junselebyar.se\/wp\/index.php?rest_route=%2Fwp%2Fv2%2Fmedia&parent=5640"}],"wp:term":[{"taxonomy":"category","embeddable":true,"href":"https:\/\/mommas.junselebyar.se\/wp\/index.php?rest_route=%2Fwp%2Fv2%2Fcategories&post=5640"},{"taxonomy":"post_tag","embeddable":true,"href":"https:\/\/mommas.junselebyar.se\/wp\/index.php?rest_route=%2Fwp%2Fv2%2Ftags&post=5640"}],"curies":[{"name":"wp","href":"https:\/\/api.w.org\/{rel}","templated":true}]}}