{"id":5651,"date":"2012-12-25T05:51:46","date_gmt":"2012-12-25T04:51:46","guid":{"rendered":"http:\/\/vildavastra.se\/mommasblogg\/?p=5651"},"modified":"2012-12-25T05:51:46","modified_gmt":"2012-12-25T04:51:46","slug":"julafton","status":"publish","type":"post","link":"https:\/\/mommas.junselebyar.se\/wp\/?p=5651","title":{"rendered":"JULAFTON&#8230;"},"content":{"rendered":"<div class=\"mceTemp\">\n<figure id=\"attachment_5655\" aria-describedby=\"caption-attachment-5655\" style=\"width: 420px\" class=\"wp-caption alignleft\"><a href=\"http:\/\/vildavastra.se\/mommasblogg\/wp-content\/uploads\/2012\/12\/100_3497-morfars-kn\u00e4.jpg\"><img loading=\"lazy\" decoding=\"async\" class=\"size-medium wp-image-5655\" title=\"100_3497 morfars kn\u00e4\" src=\"http:\/\/vildavastra.se\/mommasblogg\/wp-content\/uploads\/2012\/12\/100_3497-morfars-kn\u00e4-420x336.jpg\" alt=\"Sk\u00f6nt att f\u00e5 vila i morfars kn\u00e4, efter en jobbig dag\" width=\"420\" height=\"336\" \/><\/a><figcaption id=\"caption-attachment-5655\" class=\"wp-caption-text\">Sk\u00f6nt att f\u00e5 vila i morfars kn\u00e4, efter en jobbig dag<\/figcaption><\/figure>\n<dl id=\"attachment_5653\" class=\"wp-caption alignleft\" style=\"width: 346px;\">\n<dt class=\"wp-caption-dt\"><a href=\"http:\/\/vildavastra.se\/mommasblogg\/wp-content\/uploads\/2012\/12\/100_3491tomten.jpg\"><img loading=\"lazy\" decoding=\"async\" class=\"size-medium wp-image-5653\" title=\"100_3491tomten\" src=\"http:\/\/vildavastra.se\/mommasblogg\/wp-content\/uploads\/2012\/12\/100_3491tomten-336x420.jpg\" alt=\"Finns h\u00e4r n\u00e5ra sn\u00e4lla barn? undrar Hardy\" width=\"336\" height=\"420\" \/><\/a><\/dt>\n<dd class=\"wp-caption-dd\">Finns h\u00e4r n\u00e5ra sn\u00e4lla barn? undrar Hardy<\/dd>\n<\/dl>\n<\/div>\n<p>Julaftonen \u00e4r \u00f6ver, alla har \u00e5terv\u00e4nt hem till sitt. En julafton som vi alla som var med om kommer att minnas som den annorlunda p\u00e5 m\u00e5nga s\u00e4tt. En lugn och fridfull julafton,\u00a0 fylld av gl\u00e4dje \u00f6ver att vi alla fanns med i livet\u00a0 och med f\u00f6rhoppning om att det s\u00e5 f\u00e5r bli till n\u00e4sta jul.\u00a0<\/p>\n<p>I \u00e5r kom ju v\u00e4rldens finaste minsta tomte till oss med julklapparna. Hardy, som \u00e4r v\u00e5r minsta lilla gren p\u00e5 familjetr\u00e4det. Men inte s\u00e5 l\u00e4nge till, f\u00f6r om 14 dar ungef\u00e4r, kommer \u00e4nnu en liten familjemedlem. Familjen och julklappsh\u00f6gen v\u00e4xer.<\/p>\n<p>N\u00e4r det g\u00e4ller julmaten, s\u00e5 var alla n\u00f6jda. Jag fick b\u00e4sta betyg igen.\u00a0 F\u00f6rsta &#8221;sittningen&#8221; \u00e4r \u00f6ver. Idag p\u00e5 juldagen forts\u00e4tter vi med den andra omg\u00e5ngen. \u00c5terst\u00e5r bara den tredje.<\/p>\n<p>Hoppas ni alla fick det ni \u00f6nskat och en God forts\u00e4ttning p\u00e5 julen.<\/p>\n<p>Dagens citat :\u00a0\u00a0\u00a0 Vi har r\u00e4tt att inte vara som vi en g\u00e5ng var. Vi har r\u00e4tt att f\u00f6r\u00e4ndras och utvecklas.<\/p>\n<p>-9 gr och sn\u00f6, sn\u00f6, sn\u00f6&#8230;\u00a0\u00a0\u00a0\u00a0\u00a0\u00a0\u00a0\u00a0\u00a0\u00a0\u00a0\u00a0\u00a0\u00a0\u00a0\u00a0\u00a0\u00a0\u00a0\u00a0\u00a0\u00a0\u00a0\u00a0\u00a0\u00a0\u00a0\u00a0\u00a0\u00a0\u00a0\u00a0\u00a0\u00a0\u00a0\u00a0\u00a0\u00a0\u00a0\u00a0\u00a0 vi h\u00f6rs &#8230;<\/p>\n","protected":false},"excerpt":{"rendered":"<p>Finns h\u00e4r n\u00e5ra sn\u00e4lla barn? undrar Hardy Julaftonen \u00e4r \u00f6ver, alla har \u00e5terv\u00e4nt hem till sitt. En julafton som vi alla som var med om kommer att minnas som den annorlunda p\u00e5 m\u00e5nga s\u00e4tt. En lugn och fridfull julafton,\u00a0 fylld av gl\u00e4dje \u00f6ver att vi alla fanns med i livet\u00a0 och med f\u00f6rhoppning om att &hellip; <a href=\"https:\/\/mommas.junselebyar.se\/wp\/?p=5651\" class=\"more-link\">Forts\u00e4tt l\u00e4sa <span class=\"screen-reader-text\">JULAFTON&#8230;<\/span> <span class=\"meta-nav\">&rarr;<\/span><\/a><\/p>\n","protected":false},"author":3,"featured_media":0,"comment_status":"open","ping_status":"closed","sticky":false,"template":"","format":"standard","meta":{"footnotes":""},"categories":[4],"tags":[],"class_list":["post-5651","post","type-post","status-publish","format-standard","hentry","category-fran-holafors"],"_links":{"self":[{"href":"https:\/\/mommas.junselebyar.se\/wp\/index.php?rest_route=\/wp\/v2\/posts\/5651","targetHints":{"allow":["GET"]}}],"collection":[{"href":"https:\/\/mommas.junselebyar.se\/wp\/index.php?rest_route=\/wp\/v2\/posts"}],"about":[{"href":"https:\/\/mommas.junselebyar.se\/wp\/index.php?rest_route=\/wp\/v2\/types\/post"}],"author":[{"embeddable":true,"href":"https:\/\/mommas.junselebyar.se\/wp\/index.php?rest_route=\/wp\/v2\/users\/3"}],"replies":[{"embeddable":true,"href":"https:\/\/mommas.junselebyar.se\/wp\/index.php?rest_route=%2Fwp%2Fv2%2Fcomments&post=5651"}],"version-history":[{"count":0,"href":"https:\/\/mommas.junselebyar.se\/wp\/index.php?rest_route=\/wp\/v2\/posts\/5651\/revisions"}],"wp:attachment":[{"href":"https:\/\/mommas.junselebyar.se\/wp\/index.php?rest_route=%2Fwp%2Fv2%2Fmedia&parent=5651"}],"wp:term":[{"taxonomy":"category","embeddable":true,"href":"https:\/\/mommas.junselebyar.se\/wp\/index.php?rest_route=%2Fwp%2Fv2%2Fcategories&post=5651"},{"taxonomy":"post_tag","embeddable":true,"href":"https:\/\/mommas.junselebyar.se\/wp\/index.php?rest_route=%2Fwp%2Fv2%2Ftags&post=5651"}],"curies":[{"name":"wp","href":"https:\/\/api.w.org\/{rel}","templated":true}]}}