{"id":5666,"date":"2012-12-31T08:31:58","date_gmt":"2012-12-31T07:31:58","guid":{"rendered":"http:\/\/vildavastra.se\/mommasblogg\/?p=5666"},"modified":"2012-12-31T08:31:58","modified_gmt":"2012-12-31T07:31:58","slug":"gott-nytt-ar","status":"publish","type":"post","link":"https:\/\/mommas.junselebyar.se\/wp\/?p=5666","title":{"rendered":"Gott NYTT \u00c5R !!"},"content":{"rendered":"<p>S\u00e5 \u00e4r det gamla \u00e5ret 2012 till \u00e4nda. Det \u00e5r som f\u00f6r v\u00e5r familj inneh\u00e5llit gl\u00e4dje ,k\u00e4rlek och gemenskap. \u00c4ven tr\u00e5kigheter och sorg bland v\u00e5ra familjemedlemmar. Vid v\u00e5r \u00e5lder, Kjells och min s\u00e5 har sjukdom, \u00e4ven haft och har sin naturliga tillvist. Beslutet att stanna kvar h\u00e4r hemma har varit b\u00e5de p\u00e5 gott och ont. Tack vare v\u00e5ra barn har det varit m\u00f6jligt. Men inte en vinter till, Hur bra vi \u00e4n trivs s\u00e5 m\u00e5ste f\u00f6rnuftet f\u00e5 ta \u00f6ver.<\/p>\n<p>S\u00e5 h\u00e4r i slutet av \u00e5ret g\u00e5r v\u00e5ra tankar till v\u00e5r lilla Hardy som med f\u00f6r\u00e4ldrar just nu \u00e4r p\u00e5 \u00d6viks sjukhus, med feber och influensa. Med god v\u00e5rd hoppas\u00a0vi att\u00a0han snart \u00e4r hemma igen.<\/p>\n<p>Det nya \u00e5ret b\u00f6rjar ocks\u00e5 med en ny liten medlem i fam. som snart ska f\u00f6das. Ett litet barnbarnsbarn, all k\u00e4rlek och lycka inf\u00f6r det nya livet och till f\u00f6r\u00e4ldrarna.<\/p>\n<p>Med hopp om att 2013 blir ett lyckosamt \u00e5r f\u00f6r oss alla,\u00a0 i familjen, f\u00f6r alla v\u00e4nner och bekanta. S\u00e5 f\u00e5r bilden av den minsta och yngsta bland alla v\u00e5ra 9\u00a0familjehundar, representera gl\u00e4djen\u00a0 och hoppet,\u00a0inf\u00f6r det nya\u00a0\u00e5ret.<\/p>\n<p>Dagens citat : F\u00f6r att kunna g\u00e5 vidare m\u00e5ste vi f\u00f6rst acceptera det som h\u00e4nt och d\u00e4refter ta ansvar f\u00f6r att f\u00f6r\u00e4ndra och st\u00e4lla\u00a0 till r\u00e4tta.<\/p>\n<p>&#8211;\u00a0\u00a0 1 gr &#8230;\u00a0\u00a0\u00a0\u00a0\u00a0\u00a0\u00a0\u00a0\u00a0\u00a0\u00a0\u00a0\u00a0\u00a0\u00a0\u00a0\u00a0\u00a0\u00a0\u00a0\u00a0\u00a0\u00a0\u00a0\u00a0\u00a0\u00a0\u00a0\u00a0\u00a0\u00a0\u00a0\u00a0\u00a0\u00a0\u00a0\u00a0\u00a0\u00a0\u00a0\u00a0\u00a0\u00a0\u00a0\u00a0\u00a0\u00a0\u00a0\u00a0\u00a0\u00a0\u00a0\u00a0 vi h\u00f6rs &#8230;<\/p>\n<figure id=\"attachment_5670\" aria-describedby=\"caption-attachment-5670\" style=\"width: 420px\" class=\"wp-caption alignleft\"><a href=\"http:\/\/vildavastra.se\/mommasblogg\/wp-content\/uploads\/2012\/12\/100_3506-berit.jpg\"><img loading=\"lazy\" decoding=\"async\" class=\"size-medium wp-image-5670\" title=\"100_3506 berit\" src=\"http:\/\/vildavastra.se\/mommasblogg\/wp-content\/uploads\/2012\/12\/100_3506-berit-420x315.jpg\" alt=\"Gott Nytt \u00c5r till er alla fr\u00e5n mig och Berit\" width=\"420\" height=\"315\" \/><\/a><figcaption id=\"caption-attachment-5670\" class=\"wp-caption-text\">Gott Nytt \u00c5r till er alla fr\u00e5n mig och Berit<\/figcaption><\/figure>\n","protected":false},"excerpt":{"rendered":"<p>S\u00e5 \u00e4r det gamla \u00e5ret 2012 till \u00e4nda. Det \u00e5r som f\u00f6r v\u00e5r familj inneh\u00e5llit gl\u00e4dje ,k\u00e4rlek och gemenskap. \u00c4ven tr\u00e5kigheter och sorg bland v\u00e5ra familjemedlemmar. Vid v\u00e5r \u00e5lder, Kjells och min s\u00e5 har sjukdom, \u00e4ven haft och har sin naturliga tillvist. Beslutet att stanna kvar h\u00e4r hemma har varit b\u00e5de p\u00e5 gott och ont. &hellip; <a href=\"https:\/\/mommas.junselebyar.se\/wp\/?p=5666\" class=\"more-link\">Forts\u00e4tt l\u00e4sa <span class=\"screen-reader-text\">Gott NYTT \u00c5R !!<\/span> <span class=\"meta-nav\">&rarr;<\/span><\/a><\/p>\n","protected":false},"author":3,"featured_media":0,"comment_status":"open","ping_status":"closed","sticky":false,"template":"","format":"standard","meta":{"footnotes":""},"categories":[4],"tags":[],"class_list":["post-5666","post","type-post","status-publish","format-standard","hentry","category-fran-holafors"],"_links":{"self":[{"href":"https:\/\/mommas.junselebyar.se\/wp\/index.php?rest_route=\/wp\/v2\/posts\/5666","targetHints":{"allow":["GET"]}}],"collection":[{"href":"https:\/\/mommas.junselebyar.se\/wp\/index.php?rest_route=\/wp\/v2\/posts"}],"about":[{"href":"https:\/\/mommas.junselebyar.se\/wp\/index.php?rest_route=\/wp\/v2\/types\/post"}],"author":[{"embeddable":true,"href":"https:\/\/mommas.junselebyar.se\/wp\/index.php?rest_route=\/wp\/v2\/users\/3"}],"replies":[{"embeddable":true,"href":"https:\/\/mommas.junselebyar.se\/wp\/index.php?rest_route=%2Fwp%2Fv2%2Fcomments&post=5666"}],"version-history":[{"count":0,"href":"https:\/\/mommas.junselebyar.se\/wp\/index.php?rest_route=\/wp\/v2\/posts\/5666\/revisions"}],"wp:attachment":[{"href":"https:\/\/mommas.junselebyar.se\/wp\/index.php?rest_route=%2Fwp%2Fv2%2Fmedia&parent=5666"}],"wp:term":[{"taxonomy":"category","embeddable":true,"href":"https:\/\/mommas.junselebyar.se\/wp\/index.php?rest_route=%2Fwp%2Fv2%2Fcategories&post=5666"},{"taxonomy":"post_tag","embeddable":true,"href":"https:\/\/mommas.junselebyar.se\/wp\/index.php?rest_route=%2Fwp%2Fv2%2Ftags&post=5666"}],"curies":[{"name":"wp","href":"https:\/\/api.w.org\/{rel}","templated":true}]}}