{"id":5679,"date":"2013-01-05T14:02:41","date_gmt":"2013-01-05T13:02:41","guid":{"rendered":"http:\/\/vildavastra.se\/mommasblogg\/?p=5679"},"modified":"2013-01-05T14:02:41","modified_gmt":"2013-01-05T13:02:41","slug":"trettondag-jul","status":"publish","type":"post","link":"https:\/\/mommas.junselebyar.se\/wp\/?p=5679","title":{"rendered":"Trettondag jul &#8230;"},"content":{"rendered":"<figure id=\"attachment_5683\" aria-describedby=\"caption-attachment-5683\" style=\"width: 420px\" class=\"wp-caption alignleft\"><a href=\"http:\/\/vildavastra.se\/mommasblogg\/wp-content\/uploads\/2013\/01\/100_3516-h\u00e4ggkvists-sisters1.jpg\"><img loading=\"lazy\" decoding=\"async\" class=\"size-medium wp-image-5683\" title=\"100_3516 h\u00e4ggkvists sisters\" src=\"http:\/\/vildavastra.se\/mommasblogg\/wp-content\/uploads\/2013\/01\/100_3516-h\u00e4ggkvists-sisters1-420x337.jpg\" alt=\"Evelina- Amanda - Josefin, V\u00e5ra &quot;sm\u00e5flickor&quot;p\u00e5 bes\u00f6k.\" width=\"420\" height=\"337\" \/><\/a><figcaption id=\"caption-attachment-5683\" class=\"wp-caption-text\">Evelina- Amanda - Josefin, V\u00e5ra &quot;sm\u00e5flickor&quot;p\u00e5 bes\u00f6k.<\/figcaption><\/figure>\n<p>Julens sista helg \u00e4r snart \u00f6ver f\u00f6r i \u00e5r. Ett nytt arbets\u00e5r,skol\u00e5r f\u00f6r de flesta b\u00f6rjar igen. Jag hoppas alla, \u00e4ven ni som \u00e4r utan j0bb,sjuka ,unga och gamla,\u00a0att 2013 ska bli\u00a0ett \u00e5r som ni \u00f6nskat er. Sj\u00e4lv har jag fullt upp just nu\u00a0med att kurera min snuva. Det va en envis seg variant.<\/p>\n<p>\u00c4ven Kjell har &#8221;\u00e5kt&#8221; dit p\u00e5 snuvan, s\u00e5 det \u00e4r mycket krax och snorande , med mycket Tv tittande f\u00f6r oss b\u00e5da. Jonnie var hem ig\u00e5r och sotade pannan, s\u00e5 nu brinner pelletsen lungt och fint igen. Vet inte hur vi skulle klarat det utan Jonnies hj\u00e4lp, nu n\u00e4r Kjell blev s\u00e4mre.<\/p>\n<p>Jonnie hade &#8221;sm\u00e5fickorna&#8221; och Hardy med sig. Ja jag vet ni \u00e4r stora nu, men f\u00f6r oss \u00e4r ni v\u00e5ra sm\u00e5tjejer. Hardy m\u00e5dde bra nu om \u00e4n lite snuvig. Tr\u00e5kigt var det att s\u00e4gahej d\u00e5 till Linda och sm\u00e5pojkarna som nu \u00e4r p\u00e5 v\u00e4g hem till J\u00e4rna. V\u00e4ntar nu bara p\u00e5 ett telefonsamtal fr\u00e5n \u00d6vik, som medelar att v\u00e5rt fj\u00e4rde barnbarnsbarn kommit till v\u00e4rlden. V\u00e5r fotografiv\u00e4gg \u00e4r snart\u00a0 \u00f6ver full av v\u00e5ra\u00a0familjemedlemmar. Ett annorlunda sl\u00e4kttr\u00e4d.<\/p>\n<p>Dagens citat :I dag \u00e4r en bra tid f\u00f6r en ny b\u00f6rjan. Vad vill du b\u00f6rja med i dag.<\/p>\n<p>&#8211; 15 gr &#8230;\u00a0\u00a0\u00a0\u00a0\u00a0\u00a0\u00a0\u00a0\u00a0\u00a0\u00a0\u00a0\u00a0\u00a0\u00a0\u00a0\u00a0\u00a0\u00a0\u00a0\u00a0\u00a0\u00a0\u00a0\u00a0\u00a0\u00a0\u00a0\u00a0\u00a0\u00a0\u00a0\u00a0\u00a0\u00a0\u00a0\u00a0\u00a0\u00a0\u00a0\u00a0\u00a0\u00a0\u00a0\u00a0\u00a0\u00a0\u00a0\u00a0\u00a0\u00a0\u00a0\u00a0\u00a0\u00a0\u00a0\u00a0\u00a0\u00a0\u00a0\u00a0\u00a0\u00a0\u00a0\u00a0\u00a0\u00a0\u00a0\u00a0\u00a0\u00a0\u00a0\u00a0\u00a0\u00a0\u00a0\u00a0\u00a0\u00a0\u00a0\u00a0 vi h\u00f6rs &#8230;<\/p>\n","protected":false},"excerpt":{"rendered":"<p>Julens sista helg \u00e4r snart \u00f6ver f\u00f6r i \u00e5r. Ett nytt arbets\u00e5r,skol\u00e5r f\u00f6r de flesta b\u00f6rjar igen. Jag hoppas alla, \u00e4ven ni som \u00e4r utan j0bb,sjuka ,unga och gamla,\u00a0att 2013 ska bli\u00a0ett \u00e5r som ni \u00f6nskat er. Sj\u00e4lv har jag fullt upp just nu\u00a0med att kurera min snuva. Det va en envis seg variant. \u00c4ven &hellip; <a href=\"https:\/\/mommas.junselebyar.se\/wp\/?p=5679\" class=\"more-link\">Forts\u00e4tt l\u00e4sa <span class=\"screen-reader-text\">Trettondag jul &#8230;<\/span> <span class=\"meta-nav\">&rarr;<\/span><\/a><\/p>\n","protected":false},"author":3,"featured_media":0,"comment_status":"open","ping_status":"closed","sticky":false,"template":"","format":"standard","meta":{"footnotes":""},"categories":[4],"tags":[],"class_list":["post-5679","post","type-post","status-publish","format-standard","hentry","category-fran-holafors"],"_links":{"self":[{"href":"https:\/\/mommas.junselebyar.se\/wp\/index.php?rest_route=\/wp\/v2\/posts\/5679","targetHints":{"allow":["GET"]}}],"collection":[{"href":"https:\/\/mommas.junselebyar.se\/wp\/index.php?rest_route=\/wp\/v2\/posts"}],"about":[{"href":"https:\/\/mommas.junselebyar.se\/wp\/index.php?rest_route=\/wp\/v2\/types\/post"}],"author":[{"embeddable":true,"href":"https:\/\/mommas.junselebyar.se\/wp\/index.php?rest_route=\/wp\/v2\/users\/3"}],"replies":[{"embeddable":true,"href":"https:\/\/mommas.junselebyar.se\/wp\/index.php?rest_route=%2Fwp%2Fv2%2Fcomments&post=5679"}],"version-history":[{"count":0,"href":"https:\/\/mommas.junselebyar.se\/wp\/index.php?rest_route=\/wp\/v2\/posts\/5679\/revisions"}],"wp:attachment":[{"href":"https:\/\/mommas.junselebyar.se\/wp\/index.php?rest_route=%2Fwp%2Fv2%2Fmedia&parent=5679"}],"wp:term":[{"taxonomy":"category","embeddable":true,"href":"https:\/\/mommas.junselebyar.se\/wp\/index.php?rest_route=%2Fwp%2Fv2%2Fcategories&post=5679"},{"taxonomy":"post_tag","embeddable":true,"href":"https:\/\/mommas.junselebyar.se\/wp\/index.php?rest_route=%2Fwp%2Fv2%2Ftags&post=5679"}],"curies":[{"name":"wp","href":"https:\/\/api.w.org\/{rel}","templated":true}]}}